{"id":3828,"date":"2024-11-18T16:37:20","date_gmt":"2024-11-18T16:37:20","guid":{"rendered":"https:\/\/elregionaldigital.info\/?p=3828"},"modified":"2024-11-22T16:37:58","modified_gmt":"2024-11-22T16:37:58","slug":"se-suma-la-uat-al-sistema-de-evaluacion-y-acreditacion-de-la-educacion-superior","status":"publish","type":"post","link":"https:\/\/elregionaldigital.info\/?p=3828","title":{"rendered":"Se suma la UAT al Sistema de Evaluaci\u00f3n y Acreditaci\u00f3n de la Educaci\u00f3n Superior"},"content":{"rendered":"\n<p>El rector D\u00e1maso Anaya Alvarado reafirm\u00f3 el compromiso de sumar los esfuerzos<br>de la Universidad Aut\u00f3noma de Tamaulipas (UAT) a las iniciativas nacionales para<br>consolidar la calidad acad\u00e9mica y la transformaci\u00f3n de la educaci\u00f3n p\u00fablica<br>superior en M\u00e9xico.<br>Lo anterior lo destac\u00f3 el rector de la UAT al presidir en el Campus<br>Tampico la reuni\u00f3n de inducci\u00f3n para la elaboraci\u00f3n de la autoevaluaci\u00f3n<br>institucional, en el marco general del Sistema de Evaluaci\u00f3n y Acreditaci\u00f3n de la<br>Educaci\u00f3n Superior (SEAES).<br>Con la asistencia de las y los directores de las dependencias acad\u00e9micas<br>de la UAT, D\u00e1maso Anaya puso en marcha la sesi\u00f3n y subray\u00f3 la importancia de<br>trabajar con base en las pol\u00edticas del Consejo Nacional para la Coordinaci\u00f3n de la<br>Educaci\u00f3n Superior (CONACES), que, a trav\u00e9s del SEAES, promueve un modelo<br>integral de evaluaci\u00f3n y mejora continua.<br>Agradeci\u00f3 a la Mtra. Mar\u00eda Jos\u00e9 Rhi Sausi Garavito, directora de este<br>sistema, su disposici\u00f3n y acompa\u00f1amiento para que la UAT se integre a este<br>modelo de evaluaci\u00f3n, cuyo proceso se entiende como un medio para la<br>transformaci\u00f3n y no como un fin en s\u00ed mismo.<br>El rector concluy\u00f3 refirmando el compromiso de la UAT de seguir<br>avanzando en la meta de posicionarse como una instituci\u00f3n destacada por sus<br>indicadores de excelencia acad\u00e9mica bajo un enfoque humanista que promueva la<br>formaci\u00f3n integral de sus estudiantes.<br>En representaci\u00f3n de la directora del SEAES acudieron la Lic. Aida<br>Obdulia S\u00e1nchez y el Mtro. Ad\u00e1n Mart\u00ednez Hern\u00e1ndez, quienes compartieron los<br>objetivos y lineamientos generales para el proceso de autoevaluaci\u00f3n que se<br>llevar\u00e1 a cabo en 2025.<\/p>\n\n\n\n<p>Durante su intervenci\u00f3n, el Mtro. Ad\u00e1n Mart\u00ednez agradeci\u00f3 al rector<br>D\u00e1maso Anaya la invitaci\u00f3n para trabajar de manera conjunta y expres\u00f3 su<br>reconocimiento a la UAT por ser la primera universidad que solicita una<br>capacitaci\u00f3n previa a los trabajos de la autoevaluaci\u00f3n institucional, lo cual<br>demuestra un fuerte compromiso con este ejercicio y su responsabilidad para la<br>implementaci\u00f3n del marco general del sistema de evaluaci\u00f3n y acreditaci\u00f3n<\/p>\n\n\n\n<p><\/p>\n","protected":false},"excerpt":{"rendered":"<p>El rector D\u00e1maso Anaya Alvarado reafirm\u00f3 el compromiso de sumar los esfuerzosde la Universidad Aut\u00f3noma de Tamaulipas (UAT) a las iniciativas nacionales paraconsolidar la calidad acad\u00e9mica y la transformaci\u00f3n de la educaci\u00f3n p\u00fablicasuperior en M\u00e9xico.Lo anterior lo destac\u00f3 el rector de la UAT al presidir en el CampusTampico la reuni\u00f3n de inducci\u00f3n para la elaboraci\u00f3n [&hellip;]<\/p>\n","protected":false},"author":1,"featured_media":3829,"comment_status":"open","ping_status":"open","sticky":false,"template":"","format":"standard","meta":{"footnotes":""},"categories":[4],"tags":[],"class_list":["post-3828","post","type-post","status-publish","format-standard","has-post-thumbnail","hentry","category-universidades"],"blog_post_layout_featured_media_urls":{"thumbnail":["https:\/\/elregionaldigital.info\/wp-content\/uploads\/2024\/11\/2-3-150x150.jpg",150,150,true],"full":["https:\/\/elregionaldigital.info\/wp-content\/uploads\/2024\/11\/2-3-scaled.jpg",2560,1440,false]},"categories_names":{"4":{"name":"Universidades","link":"https:\/\/elregionaldigital.info\/?cat=4"}},"tags_names":[],"comments_number":"0","wpmagazine_modules_lite_featured_media_urls":{"thumbnail":["https:\/\/elregionaldigital.info\/wp-content\/uploads\/2024\/11\/2-3-150x150.jpg",150,150,true],"cvmm-medium":["https:\/\/elregionaldigital.info\/wp-content\/uploads\/2024\/11\/2-3-300x300.jpg",300,300,true],"cvmm-medium-plus":["https:\/\/elregionaldigital.info\/wp-content\/uploads\/2024\/11\/2-3-305x207.jpg",305,207,true],"cvmm-portrait":["https:\/\/elregionaldigital.info\/wp-content\/uploads\/2024\/11\/2-3-400x600.jpg",400,600,true],"cvmm-medium-square":["https:\/\/elregionaldigital.info\/wp-content\/uploads\/2024\/11\/2-3-600x600.jpg",600,600,true],"cvmm-large":["https:\/\/elregionaldigital.info\/wp-content\/uploads\/2024\/11\/2-3-1024x1024.jpg",1024,1024,true],"cvmm-small":["https:\/\/elregionaldigital.info\/wp-content\/uploads\/2024\/11\/2-3-130x95.jpg",130,95,true],"full":["https:\/\/elregionaldigital.info\/wp-content\/uploads\/2024\/11\/2-3-scaled.jpg",2560,1440,false]},"_links":{"self":[{"href":"https:\/\/elregionaldigital.info\/index.php?rest_route=\/wp\/v2\/posts\/3828","targetHints":{"allow":["GET"]}}],"collection":[{"href":"https:\/\/elregionaldigital.info\/index.php?rest_route=\/wp\/v2\/posts"}],"about":[{"href":"https:\/\/elregionaldigital.info\/index.php?rest_route=\/wp\/v2\/types\/post"}],"author":[{"embeddable":true,"href":"https:\/\/elregionaldigital.info\/index.php?rest_route=\/wp\/v2\/users\/1"}],"replies":[{"embeddable":true,"href":"https:\/\/elregionaldigital.info\/index.php?rest_route=%2Fwp%2Fv2%2Fcomments&post=3828"}],"version-history":[{"count":1,"href":"https:\/\/elregionaldigital.info\/index.php?rest_route=\/wp\/v2\/posts\/3828\/revisions"}],"predecessor-version":[{"id":3830,"href":"https:\/\/elregionaldigital.info\/index.php?rest_route=\/wp\/v2\/posts\/3828\/revisions\/3830"}],"wp:featuredmedia":[{"embeddable":true,"href":"https:\/\/elregionaldigital.info\/index.php?rest_route=\/wp\/v2\/media\/3829"}],"wp:attachment":[{"href":"https:\/\/elregionaldigital.info\/index.php?rest_route=%2Fwp%2Fv2%2Fmedia&parent=3828"}],"wp:term":[{"taxonomy":"category","embeddable":true,"href":"https:\/\/elregionaldigital.info\/index.php?rest_route=%2Fwp%2Fv2%2Fcategories&post=3828"},{"taxonomy":"post_tag","embeddable":true,"href":"https:\/\/elregionaldigital.info\/index.php?rest_route=%2Fwp%2Fv2%2Ftags&post=3828"}],"curies":[{"name":"wp","href":"https:\/\/api.w.org\/{rel}","templated":true}]}}