{"id":3825,"date":"2024-11-17T16:27:48","date_gmt":"2024-11-17T16:27:48","guid":{"rendered":"https:\/\/elregionaldigital.info\/?p=3825"},"modified":"2024-11-22T16:28:45","modified_gmt":"2024-11-22T16:28:45","slug":"concluye-la-uat-evaluacion-de-la-carrera-de-diseno-grafico-y-animacion-digital","status":"publish","type":"post","link":"https:\/\/elregionaldigital.info\/?p=3825","title":{"rendered":"Concluye la UAT evaluaci\u00f3n de la carrera de Dise\u00f1o Gr\u00e1fico y Animaci\u00f3n Digital"},"content":{"rendered":"\n<p>Con la finalidad de asegurar que los programas educativos cumplan con los m\u00e1s<br>altos est\u00e1ndares de calidad a nivel nacional, se llev\u00f3 a cabo el proceso de<br>evaluaci\u00f3n para acreditar la Licenciatura en Dise\u00f1o Gr\u00e1fico y Animaci\u00f3n Digital de<br>la Universidad Aut\u00f3noma de Tamaulipas (UAT).<br>Este programa educativo, impartido en l\u00ednea a trav\u00e9s de la Facultad de<br>Arquitectura, Dise\u00f1o y Urbanismo (FADU), fue evaluado por los Comit\u00e9s<br>Interinstitucionales para la Evaluaci\u00f3n de la Educaci\u00f3n Superior (CIEES) durante<br>tres d\u00edas en modalidad virtual.<br>El rector de la UAT, D\u00e1maso Anaya Alvarado, puso en marcha los<br>trabajos de evaluaci\u00f3n acompa\u00f1ado por la directora de la FADU, Lisbeth Am\u00e9rica<br>Brandt Garc\u00eda, donde dio la bienvenida a los integrantes de los CIEES, el Dr. Jos\u00e9<br>Alberto Gayt\u00e1n Garc\u00eda, la Mtra. Estephania Samperio Ruiz, el Mtro. Eduardo<br>Blanco Bocanegra, el Mtro. Luis Daniel Herrera Romero y el Dr. Roberto Arturo<br>S\u00e1nchez Herrera, quienes representan a diversas instituciones y universidades del<br>pa\u00eds.<br>En su mensaje de apertura, el rector destac\u00f3 que estos procesos<br>demuestran el compromiso de la UAT por ofrecer programas educativos de<br>excelencia y que respondan a las demandas del mercado laboral actual.<br>Asent\u00f3 que la certificaci\u00f3n de la Licenciatura en Dise\u00f1o Gr\u00e1fico y<br>Animaci\u00f3n Digital refleja la clara determinaci\u00f3n de ofrecer a la sociedad una oferta<br>educativa pertinente y de calidad, y subray\u00f3 que se reforzar\u00e1 el trabajo para<br>asegurar que todas las licenciaturas alcancen los m\u00e1s altos est\u00e1ndares de calidad.<\/p>\n\n\n\n<p>Por su parte, la directora de la FADU, Lisbeth Am\u00e9rica Brandt Garc\u00eda,<br>coment\u00f3 que esta licenciatura, por su modalidad a distancia, contribuye a la<\/p>\n\n\n\n<p>reducci\u00f3n de la desigualdad \u2014otro de los objetivos prioritarios de la UAT\u2014,<br>adem\u00e1s de ofrecer a sus alumnos la oportunidad de trabajar y estudiar<br>simult\u00e1neamente.<br>Los CIEES son un organismo creado en 1991 con el objetivo de evaluar y<br>acreditar la calidad de los programas educativos de nivel superior en M\u00e9xico.<\/p>\n","protected":false},"excerpt":{"rendered":"<p>Con la finalidad de asegurar que los programas educativos cumplan con los m\u00e1saltos est\u00e1ndares de calidad a nivel nacional, se llev\u00f3 a cabo el proceso deevaluaci\u00f3n para acreditar la Licenciatura en Dise\u00f1o Gr\u00e1fico y Animaci\u00f3n Digital dela Universidad Aut\u00f3noma de Tamaulipas (UAT).Este programa educativo, impartido en l\u00ednea a trav\u00e9s de la Facultad deArquitectura, Dise\u00f1o y [&hellip;]<\/p>\n","protected":false},"author":1,"featured_media":3826,"comment_status":"open","ping_status":"open","sticky":false,"template":"","format":"standard","meta":{"footnotes":""},"categories":[4],"tags":[],"class_list":["post-3825","post","type-post","status-publish","format-standard","has-post-thumbnail","hentry","category-universidades"],"blog_post_layout_featured_media_urls":{"thumbnail":["https:\/\/elregionaldigital.info\/wp-content\/uploads\/2024\/11\/3-2-150x150.jpg",150,150,true],"full":["https:\/\/elregionaldigital.info\/wp-content\/uploads\/2024\/11\/3-2-scaled.jpg",2560,1707,false]},"categories_names":{"4":{"name":"Universidades","link":"https:\/\/elregionaldigital.info\/?cat=4"}},"tags_names":[],"comments_number":"0","wpmagazine_modules_lite_featured_media_urls":{"thumbnail":["https:\/\/elregionaldigital.info\/wp-content\/uploads\/2024\/11\/3-2-150x150.jpg",150,150,true],"cvmm-medium":["https:\/\/elregionaldigital.info\/wp-content\/uploads\/2024\/11\/3-2-300x300.jpg",300,300,true],"cvmm-medium-plus":["https:\/\/elregionaldigital.info\/wp-content\/uploads\/2024\/11\/3-2-305x207.jpg",305,207,true],"cvmm-portrait":["https:\/\/elregionaldigital.info\/wp-content\/uploads\/2024\/11\/3-2-400x600.jpg",400,600,true],"cvmm-medium-square":["https:\/\/elregionaldigital.info\/wp-content\/uploads\/2024\/11\/3-2-600x600.jpg",600,600,true],"cvmm-large":["https:\/\/elregionaldigital.info\/wp-content\/uploads\/2024\/11\/3-2-1024x1024.jpg",1024,1024,true],"cvmm-small":["https:\/\/elregionaldigital.info\/wp-content\/uploads\/2024\/11\/3-2-130x95.jpg",130,95,true],"full":["https:\/\/elregionaldigital.info\/wp-content\/uploads\/2024\/11\/3-2-scaled.jpg",2560,1707,false]},"_links":{"self":[{"href":"https:\/\/elregionaldigital.info\/index.php?rest_route=\/wp\/v2\/posts\/3825","targetHints":{"allow":["GET"]}}],"collection":[{"href":"https:\/\/elregionaldigital.info\/index.php?rest_route=\/wp\/v2\/posts"}],"about":[{"href":"https:\/\/elregionaldigital.info\/index.php?rest_route=\/wp\/v2\/types\/post"}],"author":[{"embeddable":true,"href":"https:\/\/elregionaldigital.info\/index.php?rest_route=\/wp\/v2\/users\/1"}],"replies":[{"embeddable":true,"href":"https:\/\/elregionaldigital.info\/index.php?rest_route=%2Fwp%2Fv2%2Fcomments&post=3825"}],"version-history":[{"count":1,"href":"https:\/\/elregionaldigital.info\/index.php?rest_route=\/wp\/v2\/posts\/3825\/revisions"}],"predecessor-version":[{"id":3827,"href":"https:\/\/elregionaldigital.info\/index.php?rest_route=\/wp\/v2\/posts\/3825\/revisions\/3827"}],"wp:featuredmedia":[{"embeddable":true,"href":"https:\/\/elregionaldigital.info\/index.php?rest_route=\/wp\/v2\/media\/3826"}],"wp:attachment":[{"href":"https:\/\/elregionaldigital.info\/index.php?rest_route=%2Fwp%2Fv2%2Fmedia&parent=3825"}],"wp:term":[{"taxonomy":"category","embeddable":true,"href":"https:\/\/elregionaldigital.info\/index.php?rest_route=%2Fwp%2Fv2%2Fcategories&post=3825"},{"taxonomy":"post_tag","embeddable":true,"href":"https:\/\/elregionaldigital.info\/index.php?rest_route=%2Fwp%2Fv2%2Ftags&post=3825"}],"curies":[{"name":"wp","href":"https:\/\/api.w.org\/{rel}","templated":true}]}}