{"id":3784,"date":"2024-11-06T02:54:45","date_gmt":"2024-11-06T02:54:45","guid":{"rendered":"https:\/\/elregionaldigital.info\/?p=3784"},"modified":"2024-11-07T02:55:16","modified_gmt":"2024-11-07T02:55:16","slug":"queremos-que-nuestros-estudiantes-sean-lideres-con-un-profundo-sentido-humanista-damaso-anaya","status":"publish","type":"post","link":"https:\/\/elregionaldigital.info\/?p=3784","title":{"rendered":"Queremos que nuestros estudiantes sean l\u00edderes con un profundo sentido humanista: D\u00e1maso Anaya"},"content":{"rendered":"\n<p><\/p>\n\n\n\n<p><br>\uf0b7 Inaugura el rector de la UAT el Primer Taller de Liderazgo Juvenil \u201cRompiendo<br>Barreras: Humanismo Transformador\u201d ante cientos de estudiantes en el Centro<br>Universitario de Victoria.<br>El rector D\u00e1maso Anaya Alvarado reafirm\u00f3 el prop\u00f3sito de fomentar en las y los<br>estudiantes de la Universidad Aut\u00f3noma de Tamaulipas (UAT) las herramientas<br>necesarias para convertirlos en agentes de cambio en la sociedad y que asuman<br>el compromiso de ser l\u00edderes con un profundo sentido humanista, capaces de<br>transformar su vida y el entorno.<br>Ante cientos de estudiantes en el Campus Victoria, D\u00e1maso Anaya puso en<br>marcha el Primer Taller de Liderazgo Juvenil \u201cRompiendo Barreras: Humanismo<br>Transformador UAT\u201d, y expres\u00f3 que este evento es, precisamente, una de esas<br>herramientas con las cuales se pretende que los j\u00f3venes exploren, descubran y<br>potencialicen sus talentos.<br>En este sentido, recalc\u00f3 que la Universidad se enorgullece de ofrecer estos<br>espacios para su formaci\u00f3n integral, porque no solo se busca preparar<br>profesionistas de alta calidad acad\u00e9mica, sino tambi\u00e9n ciudadanos comprometidos<br>con el bienestar social.<br>Enfatiz\u00f3 que este taller es un espacio para promover valores como la<br>empat\u00eda, el respeto y la b\u00fasqueda del bien com\u00fan, por lo que exhort\u00f3 a los<br>j\u00f3venes a aprovechar las experiencias y la historia de vida de cada uno de los<br>expositores, quienes tambi\u00e9n, siendo j\u00f3venes, han logrado destacar en distintas<br>\u00e1reas.<br>El rector D\u00e1maso Anaya puntualiz\u00f3 que con este Primer Taller de Liderazgo<br>Juvenil se busca sembrar en los j\u00f3venes la convicci\u00f3n de que el liderazgo no es<\/p>\n\n\n\n<p>una meta, sino un camino de servicio, un camino que demanda esfuerzo, empat\u00eda<br>y compromiso constante.<br>Por su parte, el secretario de Comunicaci\u00f3n y Difusi\u00f3n de la UAT, Manuel<br>Mario Aguilar Gonz\u00e1lez, expuso que este encuentro se desarrolla bajo la visi\u00f3n del<br>rector D\u00e1maso Anaya, en el sentido de fomentar el liderazgo humanista y<br>transformador, vi\u00e9ndolo desde la perspectiva que no solo impulsa los logros<br>individuales, sino que tambi\u00e9n contribuye a mejorar el bienestar de todas y todos.<br>En el desarrollo del evento participaron Dylan Puebla, consultor de imagen<br>p\u00fablica; Guillermo Guzm\u00e1n, instructor de liderazgo; Patricia Estrada, medallista de<br>plata en las Olimpiadas Nacionales 2024, en la disciplina del taekwondo; C\u00e9sar<br>Vallejo, segundo lugar del CrossFit Norteam\u00e9rica, exalumno y profesor de la UAT;<br>y Kankel Guajardo, m\u00fasico y cantante egresado de la UAT.<\/p>\n","protected":false},"excerpt":{"rendered":"<p>\uf0b7 Inaugura el rector de la UAT el Primer Taller de Liderazgo Juvenil \u201cRompiendoBarreras: Humanismo Transformador\u201d ante cientos de estudiantes en el CentroUniversitario de Victoria.El rector D\u00e1maso Anaya Alvarado reafirm\u00f3 el prop\u00f3sito de fomentar en las y losestudiantes de la Universidad Aut\u00f3noma de Tamaulipas (UAT) las herramientasnecesarias para convertirlos en agentes de cambio en la [&hellip;]<\/p>\n","protected":false},"author":1,"featured_media":3785,"comment_status":"open","ping_status":"open","sticky":false,"template":"","format":"standard","meta":{"footnotes":""},"categories":[4],"tags":[],"class_list":["post-3784","post","type-post","status-publish","format-standard","has-post-thumbnail","hentry","category-universidades"],"blog_post_layout_featured_media_urls":{"thumbnail":["https:\/\/elregionaldigital.info\/wp-content\/uploads\/2024\/11\/1-3-150x150.jpg",150,150,true],"full":["https:\/\/elregionaldigital.info\/wp-content\/uploads\/2024\/11\/1-3-scaled.jpg",2560,1062,false]},"categories_names":{"4":{"name":"Universidades","link":"https:\/\/elregionaldigital.info\/?cat=4"}},"tags_names":[],"comments_number":"0","wpmagazine_modules_lite_featured_media_urls":{"thumbnail":["https:\/\/elregionaldigital.info\/wp-content\/uploads\/2024\/11\/1-3-150x150.jpg",150,150,true],"cvmm-medium":["https:\/\/elregionaldigital.info\/wp-content\/uploads\/2024\/11\/1-3-300x300.jpg",300,300,true],"cvmm-medium-plus":["https:\/\/elregionaldigital.info\/wp-content\/uploads\/2024\/11\/1-3-305x207.jpg",305,207,true],"cvmm-portrait":["https:\/\/elregionaldigital.info\/wp-content\/uploads\/2024\/11\/1-3-400x600.jpg",400,600,true],"cvmm-medium-square":["https:\/\/elregionaldigital.info\/wp-content\/uploads\/2024\/11\/1-3-600x600.jpg",600,600,true],"cvmm-large":["https:\/\/elregionaldigital.info\/wp-content\/uploads\/2024\/11\/1-3-1024x1024.jpg",1024,1024,true],"cvmm-small":["https:\/\/elregionaldigital.info\/wp-content\/uploads\/2024\/11\/1-3-130x95.jpg",130,95,true],"full":["https:\/\/elregionaldigital.info\/wp-content\/uploads\/2024\/11\/1-3-scaled.jpg",2560,1062,false]},"_links":{"self":[{"href":"https:\/\/elregionaldigital.info\/index.php?rest_route=\/wp\/v2\/posts\/3784","targetHints":{"allow":["GET"]}}],"collection":[{"href":"https:\/\/elregionaldigital.info\/index.php?rest_route=\/wp\/v2\/posts"}],"about":[{"href":"https:\/\/elregionaldigital.info\/index.php?rest_route=\/wp\/v2\/types\/post"}],"author":[{"embeddable":true,"href":"https:\/\/elregionaldigital.info\/index.php?rest_route=\/wp\/v2\/users\/1"}],"replies":[{"embeddable":true,"href":"https:\/\/elregionaldigital.info\/index.php?rest_route=%2Fwp%2Fv2%2Fcomments&post=3784"}],"version-history":[{"count":1,"href":"https:\/\/elregionaldigital.info\/index.php?rest_route=\/wp\/v2\/posts\/3784\/revisions"}],"predecessor-version":[{"id":3786,"href":"https:\/\/elregionaldigital.info\/index.php?rest_route=\/wp\/v2\/posts\/3784\/revisions\/3786"}],"wp:featuredmedia":[{"embeddable":true,"href":"https:\/\/elregionaldigital.info\/index.php?rest_route=\/wp\/v2\/media\/3785"}],"wp:attachment":[{"href":"https:\/\/elregionaldigital.info\/index.php?rest_route=%2Fwp%2Fv2%2Fmedia&parent=3784"}],"wp:term":[{"taxonomy":"category","embeddable":true,"href":"https:\/\/elregionaldigital.info\/index.php?rest_route=%2Fwp%2Fv2%2Fcategories&post=3784"},{"taxonomy":"post_tag","embeddable":true,"href":"https:\/\/elregionaldigital.info\/index.php?rest_route=%2Fwp%2Fv2%2Ftags&post=3784"}],"curies":[{"name":"wp","href":"https:\/\/api.w.org\/{rel}","templated":true}]}}