{"id":3778,"date":"2024-10-20T14:58:24","date_gmt":"2024-10-20T14:58:24","guid":{"rendered":"https:\/\/elregionaldigital.info\/?p=3778"},"modified":"2024-11-06T14:58:54","modified_gmt":"2024-11-06T14:58:54","slug":"revelan-cartelera-del-festival-tecate-pal-norte-2025-geen-day-olivia-rodrigo-y-mas","status":"publish","type":"post","link":"https:\/\/elregionaldigital.info\/?p=3778","title":{"rendered":"Revelan cartelera del festival Tecate Pa\u2019l Norte 2025; Geen Day, Olivia Rodrigo y m\u00e1s"},"content":{"rendered":"\n<p><a href=\"https:\/\/laverdad.com.mx\/wp-content\/uploads\/2024\/10\/29reve.webp\"><\/a><\/p>\n\n\n\n<p>Despu\u00e9s de una espera llena de expectativa, finalmente se ha desvelado el cartel del festival Tecate Pa\u2019l Norte 2025, uno de los eventos musicales m\u00e1s esperados de Am\u00e9rica Latina. Este festival de conciertos en Monterrey, Nuevo Le\u00f3n, brindar\u00e1 una experiencia \u00fanica con una alineaci\u00f3n de artistas que dejar\u00e1 a los asistentes emocionados.<\/p>\n\n\n\n<p>Desde leyendas del rock hasta las \u00faltimas sensaciones del pop, el line up de este a\u00f1o est\u00e1 dise\u00f1ado para satisfacer todos los gustos musicales. La revelaci\u00f3n del cartel Tecate Pa\u2019l Norte 2025 presenta a los artistas nacionales e internacionales que har\u00e1n gritar a los asistentes.<\/p>\n\n\n\n<p>Artistas que encabezar\u00e1n el festival Tecate Pa\u2019l Norte 2025<\/p>\n\n\n\n<p>El cartel del festival Tecate Pa\u2019l Norte 2025 es impresionante y est\u00e1 dividido en tres d\u00edas repletos de conciertos memorables. Estos ser\u00e1n los artistas que encabezar\u00e1n cada d\u00eda de conciertos.<\/p>\n\n\n\n<p><strong>Viernes 4 de abril<\/strong>&nbsp;El primer d\u00eda del festival contar\u00e1 con una alineaci\u00f3n estelar. Los artistas que encabezan el cartel son:<\/p>\n\n\n\n<p>Green Day: La ic\u00f3nica banda de punk rock californiana regresa para hacer vibrar a Monterrey con su energ\u00eda desbordante y sus himnos generacionales.&nbsp;Massive Attack: Los pioneros del trip-hop ofrecer\u00e1n un set que promete ser una experiencia sonora \u00fanica, con sus atm\u00f3sferas envolventes.&nbsp;Seventeen: La famosa boy band surcoreana est\u00e1 lista para deslumbrar a sus fans con sus coreograf\u00edas y melod\u00edas pegajosas, llevando el K-pop a otro nivel en este festival.&nbsp;The Chainsmokers: Con su mezcla de EDM y pop, este d\u00fao neoyorquino seguramente har\u00e1 que el p\u00fablico cante y baile sin parar.&nbsp;Gesaffelstein: El reconocido DJ y productor franc\u00e9s cerrar\u00e1 la noche con sus ritmos electrizantes, llevando a todos a una experiencia inolvidable.&nbsp;<strong>S\u00e1bado 5 de abril<\/strong><\/p>\n\n\n\n<p>El segundo d\u00eda no se queda atr\u00e1s, con un line up que incluye a:<\/p>\n\n\n\n<p>Justin Timberlake: El exintegrante de NSYNC traer\u00e1 sus \u00e9xitos tanto en solitario como en su tiempo con la banda, ofreciendo un show lleno de energ\u00eda y emoci\u00f3n.&nbsp;Fall Out Boy: La banda de pop punk volver\u00e1 a Monterrey, lista para tocar sus cl\u00e1sicos y nuevas canciones que hacen vibrar a sus seguidores.&nbsp;Caifanes: Una de las bandas m\u00e1s emblem\u00e1ticas de rock en espa\u00f1ol, su actuaci\u00f3n ser\u00e1 sin duda uno de los momentos m\u00e1s esperados del festival.&nbsp;The Black Keys: Este d\u00fao de rock estadounidense promete un espect\u00e1culo lleno de garra y sofisticaci\u00f3n musical.&nbsp;Benson Bone: Con su creciente popularidad, este joven artista se perfila como uno de los nuevos talentos a seguir.&nbsp;<strong>Domingo 6 de abril<\/strong>&nbsp;El festival cerrar\u00e1 con una alineaci\u00f3n de lujo:<\/p>\n\n\n\n<p>Olivia Rodrigo: La joven sensaci\u00f3n del pop traer\u00e1 su talento y autenticidad, convirti\u00e9ndose en uno de los momentos m\u00e1s destacados del fin de semana.&nbsp;Kings of Leon: Con su rock alternativo, esta banda seguramente har\u00e1 que el p\u00fablico cante a todo pulm\u00f3n.&nbsp;Charli XCX: La innovadora artista de pop experimental ofrecer\u00e1 un set que fusiona g\u00e9neros y estilos, prometiendo una experiencia \u00fanica.&nbsp;Garbage Parcels: Este grupo emblem\u00e1tico cerrar\u00e1 el festival con su distintivo sonido, una mezcla de rock alternativo y electropop.<\/p>\n\n\n\n<p><strong>Venta de boletos<\/strong>&nbsp;La venta de boletos para el festival Tecate Pa\u2019l Norte 2025 comenzar\u00e1 el 5 de noviembre de 2024. Quienes est\u00e9n ansiosos por ver a sus artistas favoritos del cartel deben asegurar su lugar en este evento \u00e9pico, as\u00ed que marquen ese d\u00eda en el calendario para evitar quedarse sin entrada.<\/p>\n","protected":false},"excerpt":{"rendered":"<p>Despu\u00e9s de una espera llena de expectativa, finalmente se ha desvelado el cartel del festival Tecate Pa\u2019l Norte 2025, uno de los eventos musicales m\u00e1s esperados de Am\u00e9rica Latina. Este festival de conciertos en Monterrey, Nuevo Le\u00f3n, brindar\u00e1 una experiencia \u00fanica con una alineaci\u00f3n de artistas que dejar\u00e1 a los asistentes emocionados. Desde leyendas del [&hellip;]<\/p>\n","protected":false},"author":1,"featured_media":3779,"comment_status":"open","ping_status":"open","sticky":false,"template":"","format":"standard","meta":{"footnotes":""},"categories":[3],"tags":[],"class_list":["post-3778","post","type-post","status-publish","format-standard","has-post-thumbnail","hentry","category-entretenimiento"],"blog_post_layout_featured_media_urls":{"thumbnail":["https:\/\/elregionaldigital.info\/wp-content\/uploads\/2024\/11\/29reve-750x563-1-150x150.webp",150,150,true],"full":["https:\/\/elregionaldigital.info\/wp-content\/uploads\/2024\/11\/29reve-750x563-1.webp",750,563,false]},"categories_names":{"3":{"name":"Entretenimiento","link":"https:\/\/elregionaldigital.info\/?cat=3"}},"tags_names":[],"comments_number":"0","wpmagazine_modules_lite_featured_media_urls":{"thumbnail":["https:\/\/elregionaldigital.info\/wp-content\/uploads\/2024\/11\/29reve-750x563-1-150x150.webp",150,150,true],"cvmm-medium":["https:\/\/elregionaldigital.info\/wp-content\/uploads\/2024\/11\/29reve-750x563-1-300x300.webp",300,300,true],"cvmm-medium-plus":["https:\/\/elregionaldigital.info\/wp-content\/uploads\/2024\/11\/29reve-750x563-1-305x207.webp",305,207,true],"cvmm-portrait":["https:\/\/elregionaldigital.info\/wp-content\/uploads\/2024\/11\/29reve-750x563-1-400x563.webp",400,563,true],"cvmm-medium-square":["https:\/\/elregionaldigital.info\/wp-content\/uploads\/2024\/11\/29reve-750x563-1-600x563.webp",600,563,true],"cvmm-large":["https:\/\/elregionaldigital.info\/wp-content\/uploads\/2024\/11\/29reve-750x563-1.webp",750,563,false],"cvmm-small":["https:\/\/elregionaldigital.info\/wp-content\/uploads\/2024\/11\/29reve-750x563-1-130x95.webp",130,95,true],"full":["https:\/\/elregionaldigital.info\/wp-content\/uploads\/2024\/11\/29reve-750x563-1.webp",750,563,false]},"_links":{"self":[{"href":"https:\/\/elregionaldigital.info\/index.php?rest_route=\/wp\/v2\/posts\/3778","targetHints":{"allow":["GET"]}}],"collection":[{"href":"https:\/\/elregionaldigital.info\/index.php?rest_route=\/wp\/v2\/posts"}],"about":[{"href":"https:\/\/elregionaldigital.info\/index.php?rest_route=\/wp\/v2\/types\/post"}],"author":[{"embeddable":true,"href":"https:\/\/elregionaldigital.info\/index.php?rest_route=\/wp\/v2\/users\/1"}],"replies":[{"embeddable":true,"href":"https:\/\/elregionaldigital.info\/index.php?rest_route=%2Fwp%2Fv2%2Fcomments&post=3778"}],"version-history":[{"count":1,"href":"https:\/\/elregionaldigital.info\/index.php?rest_route=\/wp\/v2\/posts\/3778\/revisions"}],"predecessor-version":[{"id":3780,"href":"https:\/\/elregionaldigital.info\/index.php?rest_route=\/wp\/v2\/posts\/3778\/revisions\/3780"}],"wp:featuredmedia":[{"embeddable":true,"href":"https:\/\/elregionaldigital.info\/index.php?rest_route=\/wp\/v2\/media\/3779"}],"wp:attachment":[{"href":"https:\/\/elregionaldigital.info\/index.php?rest_route=%2Fwp%2Fv2%2Fmedia&parent=3778"}],"wp:term":[{"taxonomy":"category","embeddable":true,"href":"https:\/\/elregionaldigital.info\/index.php?rest_route=%2Fwp%2Fv2%2Fcategories&post=3778"},{"taxonomy":"post_tag","embeddable":true,"href":"https:\/\/elregionaldigital.info\/index.php?rest_route=%2Fwp%2Fv2%2Ftags&post=3778"}],"curies":[{"name":"wp","href":"https:\/\/api.w.org\/{rel}","templated":true}]}}