{"id":3769,"date":"2024-10-30T14:55:33","date_gmt":"2024-10-30T14:55:33","guid":{"rendered":"https:\/\/elregionaldigital.info\/?p=3769"},"modified":"2024-11-06T14:56:13","modified_gmt":"2024-11-06T14:56:13","slug":"murio-marisela-berti-actriz-de-el-senor-de-los-cielos","status":"publish","type":"post","link":"https:\/\/elregionaldigital.info\/?p=3769","title":{"rendered":"Muri\u00f3 Marisela Berti, actriz de \u2018El Se\u00f1or de los Cielos\u2019"},"content":{"rendered":"\n<p>El mundo del espect\u00e1culo se encuentra de luto tras la triste noticia de la muerte de Marisela Berti, una reconocida actriz venezolana que conquist\u00f3 a la audiencia con su interpretaci\u00f3n en la exitosa serie \u2018El Se\u00f1or de los Cielos\u2019.<\/p>\n\n\n\n<p>La actriz Marisela Berti, quien dej\u00f3 una huella imborrable en la televisi\u00f3n latinoamericana, falleci\u00f3 el d\u00eda de ayer a los 74 a\u00f1os. Su partida ha generado una ola de tristeza entre sus seguidores, colegas y amigos, que recuerdan su talento y carisma en pantalla.<\/p>\n\n\n\n<p>De acuerdo con un comunicado publicado por su hijo, el actor Alex Walerstein, Marisela Berti muri\u00f3 el pasado 30 de octubre de 2014. Aunque no se revelaron los motivos de su fallecimiento, el mensaje que comparti\u00f3 su hijo fue un homenaje a la vida y carrera de su madre.<\/p>\n\n\n\n<p>En sus palabras, Walerstein expres\u00f3 su profundo amor y admiraci\u00f3n por su madre Berti, con quien tambi\u00e9n actu\u00f3 en la serie \u2018El Se\u00f1or de los Cielos\u2019, describi\u00e9ndola como una mujer fuerte y talentosa que siempre luch\u00f3 por sus sue\u00f1os y por su familia.<\/p>\n\n\n\n<p>\u201cGracias por ser la mejor mam\u00e1 para m\u00ed y para mi hermano. Gracias por haberme escogido el mejor padre. Gracias por ense\u00f1arme a amar incondicionalmente\u201d, escribi\u00f3 el actor.<\/p>\n\n\n\n<p>Cabe destacar que, a principios del a\u00f1o 2023, Marisela Berti sufri\u00f3 un derrame cerebral y comparti\u00f3 en Instagram el proceso de recuperaci\u00f3n, junto a sus familiares y amigos. Sin embargo, el destino acort\u00f3 el camino de la celebridad.<\/p>\n\n\n\n<p>La noticia de la muerte de la actriz seguramente ha conmocionado a muchos, especialmente a los fan\u00e1ticos de la serie en la que particip\u00f3, donde su personaje se convirti\u00f3 en uno de los favoritos. Marisela Berti no solo fue una figura emblem\u00e1tica en la televisi\u00f3n, sino tambi\u00e9n un s\u00edmbolo de la fuerza y la pasi\u00f3n por la actuaci\u00f3n en el mundo hispanohablante.<\/p>\n","protected":false},"excerpt":{"rendered":"<p>El mundo del espect\u00e1culo se encuentra de luto tras la triste noticia de la muerte de Marisela Berti, una reconocida actriz venezolana que conquist\u00f3 a la audiencia con su interpretaci\u00f3n en la exitosa serie \u2018El Se\u00f1or de los Cielos\u2019. La actriz Marisela Berti, quien dej\u00f3 una huella imborrable en la televisi\u00f3n latinoamericana, falleci\u00f3 el d\u00eda [&hellip;]<\/p>\n","protected":false},"author":1,"featured_media":3770,"comment_status":"open","ping_status":"open","sticky":false,"template":"","format":"standard","meta":{"footnotes":""},"categories":[3],"tags":[],"class_list":["post-3769","post","type-post","status-publish","format-standard","has-post-thumbnail","hentry","category-entretenimiento"],"blog_post_layout_featured_media_urls":{"thumbnail":["https:\/\/elregionaldigital.info\/wp-content\/uploads\/2024\/11\/31mari-150x150.jpeg",150,150,true],"full":["https:\/\/elregionaldigital.info\/wp-content\/uploads\/2024\/11\/31mari.jpeg",474,237,false]},"categories_names":{"3":{"name":"Entretenimiento","link":"https:\/\/elregionaldigital.info\/?cat=3"}},"tags_names":[],"comments_number":"0","wpmagazine_modules_lite_featured_media_urls":{"thumbnail":["https:\/\/elregionaldigital.info\/wp-content\/uploads\/2024\/11\/31mari-150x150.jpeg",150,150,true],"cvmm-medium":["https:\/\/elregionaldigital.info\/wp-content\/uploads\/2024\/11\/31mari-300x237.jpeg",300,237,true],"cvmm-medium-plus":["https:\/\/elregionaldigital.info\/wp-content\/uploads\/2024\/11\/31mari-305x207.jpeg",305,207,true],"cvmm-portrait":["https:\/\/elregionaldigital.info\/wp-content\/uploads\/2024\/11\/31mari-400x237.jpeg",400,237,true],"cvmm-medium-square":["https:\/\/elregionaldigital.info\/wp-content\/uploads\/2024\/11\/31mari.jpeg",474,237,false],"cvmm-large":["https:\/\/elregionaldigital.info\/wp-content\/uploads\/2024\/11\/31mari.jpeg",474,237,false],"cvmm-small":["https:\/\/elregionaldigital.info\/wp-content\/uploads\/2024\/11\/31mari-130x95.jpeg",130,95,true],"full":["https:\/\/elregionaldigital.info\/wp-content\/uploads\/2024\/11\/31mari.jpeg",474,237,false]},"_links":{"self":[{"href":"https:\/\/elregionaldigital.info\/index.php?rest_route=\/wp\/v2\/posts\/3769","targetHints":{"allow":["GET"]}}],"collection":[{"href":"https:\/\/elregionaldigital.info\/index.php?rest_route=\/wp\/v2\/posts"}],"about":[{"href":"https:\/\/elregionaldigital.info\/index.php?rest_route=\/wp\/v2\/types\/post"}],"author":[{"embeddable":true,"href":"https:\/\/elregionaldigital.info\/index.php?rest_route=\/wp\/v2\/users\/1"}],"replies":[{"embeddable":true,"href":"https:\/\/elregionaldigital.info\/index.php?rest_route=%2Fwp%2Fv2%2Fcomments&post=3769"}],"version-history":[{"count":1,"href":"https:\/\/elregionaldigital.info\/index.php?rest_route=\/wp\/v2\/posts\/3769\/revisions"}],"predecessor-version":[{"id":3771,"href":"https:\/\/elregionaldigital.info\/index.php?rest_route=\/wp\/v2\/posts\/3769\/revisions\/3771"}],"wp:featuredmedia":[{"embeddable":true,"href":"https:\/\/elregionaldigital.info\/index.php?rest_route=\/wp\/v2\/media\/3770"}],"wp:attachment":[{"href":"https:\/\/elregionaldigital.info\/index.php?rest_route=%2Fwp%2Fv2%2Fmedia&parent=3769"}],"wp:term":[{"taxonomy":"category","embeddable":true,"href":"https:\/\/elregionaldigital.info\/index.php?rest_route=%2Fwp%2Fv2%2Fcategories&post=3769"},{"taxonomy":"post_tag","embeddable":true,"href":"https:\/\/elregionaldigital.info\/index.php?rest_route=%2Fwp%2Fv2%2Ftags&post=3769"}],"curies":[{"name":"wp","href":"https:\/\/api.w.org\/{rel}","templated":true}]}}