{"id":3757,"date":"2024-10-24T14:48:56","date_gmt":"2024-10-24T14:48:56","guid":{"rendered":"https:\/\/elregionaldigital.info\/?p=3757"},"modified":"2024-11-06T14:49:38","modified_gmt":"2024-11-06T14:49:38","slug":"uso-de-ia-genera-alarma-entre-votantes-en-estados-unidos-ante-posible-desinformacion-electoral","status":"publish","type":"post","link":"https:\/\/elregionaldigital.info\/?p=3757","title":{"rendered":"Uso de IA genera alarma entre votantes en Estados Unidos ante posible desinformaci\u00f3n electoral"},"content":{"rendered":"\n<p><a href=\"https:\/\/laverdad.com.mx\/wp-content\/uploads\/2024\/10\/114917593_gettyimages-1229098686.jpg\"><\/a><\/p>\n\n\n\n<p>A medida que se acercan las elecciones presidenciales del 5 de noviembre en Estados Unidos, el uso de inteligencia artificial en las campa\u00f1as ha generado preocupaci\u00f3n entre los votantes. Una reciente encuesta del Centro Pew revel\u00f3 que el 57% de los estadounidenses est\u00e1n \u201cmuy o extremadamente preocupados\u201d por el potencial de la IA para promover desinformaci\u00f3n en los comicios, especialmente tras la difusi\u00f3n de im\u00e1genes manipuladas del candidato Donald Trump y la cantante Taylor Swift apoyando su campa\u00f1a.<\/p>\n\n\n\n<p>El 77% de los votantes considera que las grandes plataformas tecnol\u00f3gicas, como Facebook, X, TikTok y Google, tienen responsabilidad en la propagaci\u00f3n de contenidos manipulados. Aunque tanto dem\u00f3cratas como republicanos coinciden en la necesidad de que estas compa\u00f1\u00edas act\u00faen, los dem\u00f3cratas expresan una mayor exigencia, con un 84% frente al 72% de los republicanos.<\/p>\n\n\n\n<p>Terence Mills, director ejecutivo de Veuu, alert\u00f3 sobre el potencial de la IA para desinformar, especialmente en un contexto donde los votantes a\u00fan se est\u00e1n adaptando a esta tecnolog\u00eda. Ejemplos como el deepfake de una llamada que se hac\u00eda pasar por Joe Biden antes de las primarias en New Hampshire muestran el impacto que esta tecnolog\u00eda puede tener en los resultados electorales, una preocupaci\u00f3n creciente en el panorama pol\u00edtico estadounidense.<\/p>\n","protected":false},"excerpt":{"rendered":"<p>A medida que se acercan las elecciones presidenciales del 5 de noviembre en Estados Unidos, el uso de inteligencia artificial en las campa\u00f1as ha generado preocupaci\u00f3n entre los votantes. Una reciente encuesta del Centro Pew revel\u00f3 que el 57% de los estadounidenses est\u00e1n \u201cmuy o extremadamente preocupados\u201d por el potencial de la IA para promover [&hellip;]<\/p>\n","protected":false},"author":1,"featured_media":3758,"comment_status":"open","ping_status":"open","sticky":false,"template":"","format":"standard","meta":{"footnotes":""},"categories":[11],"tags":[],"class_list":["post-3757","post","type-post","status-publish","format-standard","has-post-thumbnail","hentry","category-mundo"],"blog_post_layout_featured_media_urls":{"thumbnail":["https:\/\/elregionaldigital.info\/wp-content\/uploads\/2024\/11\/114917593_gettyimages-1229098686-750x422-1-150x150.jpg",150,150,true],"full":["https:\/\/elregionaldigital.info\/wp-content\/uploads\/2024\/11\/114917593_gettyimages-1229098686-750x422-1.jpg",750,422,false]},"categories_names":{"11":{"name":"Mundo","link":"https:\/\/elregionaldigital.info\/?cat=11"}},"tags_names":[],"comments_number":"0","wpmagazine_modules_lite_featured_media_urls":{"thumbnail":["https:\/\/elregionaldigital.info\/wp-content\/uploads\/2024\/11\/114917593_gettyimages-1229098686-750x422-1-150x150.jpg",150,150,true],"cvmm-medium":["https:\/\/elregionaldigital.info\/wp-content\/uploads\/2024\/11\/114917593_gettyimages-1229098686-750x422-1-300x300.jpg",300,300,true],"cvmm-medium-plus":["https:\/\/elregionaldigital.info\/wp-content\/uploads\/2024\/11\/114917593_gettyimages-1229098686-750x422-1-305x207.jpg",305,207,true],"cvmm-portrait":["https:\/\/elregionaldigital.info\/wp-content\/uploads\/2024\/11\/114917593_gettyimages-1229098686-750x422-1-400x422.jpg",400,422,true],"cvmm-medium-square":["https:\/\/elregionaldigital.info\/wp-content\/uploads\/2024\/11\/114917593_gettyimages-1229098686-750x422-1-600x422.jpg",600,422,true],"cvmm-large":["https:\/\/elregionaldigital.info\/wp-content\/uploads\/2024\/11\/114917593_gettyimages-1229098686-750x422-1.jpg",750,422,false],"cvmm-small":["https:\/\/elregionaldigital.info\/wp-content\/uploads\/2024\/11\/114917593_gettyimages-1229098686-750x422-1-130x95.jpg",130,95,true],"full":["https:\/\/elregionaldigital.info\/wp-content\/uploads\/2024\/11\/114917593_gettyimages-1229098686-750x422-1.jpg",750,422,false]},"_links":{"self":[{"href":"https:\/\/elregionaldigital.info\/index.php?rest_route=\/wp\/v2\/posts\/3757","targetHints":{"allow":["GET"]}}],"collection":[{"href":"https:\/\/elregionaldigital.info\/index.php?rest_route=\/wp\/v2\/posts"}],"about":[{"href":"https:\/\/elregionaldigital.info\/index.php?rest_route=\/wp\/v2\/types\/post"}],"author":[{"embeddable":true,"href":"https:\/\/elregionaldigital.info\/index.php?rest_route=\/wp\/v2\/users\/1"}],"replies":[{"embeddable":true,"href":"https:\/\/elregionaldigital.info\/index.php?rest_route=%2Fwp%2Fv2%2Fcomments&post=3757"}],"version-history":[{"count":1,"href":"https:\/\/elregionaldigital.info\/index.php?rest_route=\/wp\/v2\/posts\/3757\/revisions"}],"predecessor-version":[{"id":3759,"href":"https:\/\/elregionaldigital.info\/index.php?rest_route=\/wp\/v2\/posts\/3757\/revisions\/3759"}],"wp:featuredmedia":[{"embeddable":true,"href":"https:\/\/elregionaldigital.info\/index.php?rest_route=\/wp\/v2\/media\/3758"}],"wp:attachment":[{"href":"https:\/\/elregionaldigital.info\/index.php?rest_route=%2Fwp%2Fv2%2Fmedia&parent=3757"}],"wp:term":[{"taxonomy":"category","embeddable":true,"href":"https:\/\/elregionaldigital.info\/index.php?rest_route=%2Fwp%2Fv2%2Fcategories&post=3757"},{"taxonomy":"post_tag","embeddable":true,"href":"https:\/\/elregionaldigital.info\/index.php?rest_route=%2Fwp%2Fv2%2Ftags&post=3757"}],"curies":[{"name":"wp","href":"https:\/\/api.w.org\/{rel}","templated":true}]}}