{"id":3754,"date":"2024-10-19T14:46:43","date_gmt":"2024-10-19T14:46:43","guid":{"rendered":"https:\/\/elregionaldigital.info\/?p=3754"},"modified":"2024-11-06T14:48:19","modified_gmt":"2024-11-06T14:48:19","slug":"onu-reporta-nuevo-record-en-gases-de-efecto-invernadero","status":"publish","type":"post","link":"https:\/\/elregionaldigital.info\/?p=3754","title":{"rendered":"ONU reporta nuevo r\u00e9cord en gases de efecto invernadero"},"content":{"rendered":"\n<p><a href=\"https:\/\/laverdad.com.mx\/wp-content\/uploads\/2024\/10\/GASESEFECTO1.jpg\"><\/a><\/p>\n\n\n\n<p>Las concentraciones de gases de efecto invernadero, principalmente di\u00f3xido de carbono, metano y \u00f3xido nitroso, alcanzaron un nuevo r\u00e9cord en 2023, lo cual incrementar\u00e1 las temperaturas en los pr\u00f3ximos a\u00f1os, seg\u00fan la Organizaci\u00f3n Meteorol\u00f3gica Mundial (OMM). Este aumento plantea un reto significativo para los compromisos establecidos en el Acuerdo de Par\u00eds de 2015.<\/p>\n\n\n\n<p>La OMM destac\u00f3 que el di\u00f3xido de carbono en la atm\u00f3sfera crece a un ritmo alarmante, registrando un aumento de m\u00e1s del 10 % en las \u00faltimas dos d\u00e9cadas. Celeste Saulo, secretaria general de la OMM, subray\u00f3 que este r\u00e9cord debe ser una \u201calarma\u201d para los l\u00edderes, ya que el objetivo de limitar el calentamiento global a menos de 2 \u00b0C est\u00e1 lejos de alcanzarse.<\/p>\n\n\n\n<p>Este informe de la OMM sobre gases de efecto invernadero se publica antes de la COP29, la cumbre clim\u00e1tica de la ONU que se celebrar\u00e1 en Bak\u00fa, Azerbaiy\u00e1n, en noviembre. La OMM advirti\u00f3 que los efectos de estos gases, especialmente el CO2, persistir\u00e1n durante d\u00e9cadas en la atm\u00f3sfera, incluso si las emisiones se reducen dr\u00e1sticamente, subrayando la urgencia de acciones inmediatas para mitigar el cambio clim\u00e1tico.<\/p>\n","protected":false},"excerpt":{"rendered":"<p>Las concentraciones de gases de efecto invernadero, principalmente di\u00f3xido de carbono, metano y \u00f3xido nitroso, alcanzaron un nuevo r\u00e9cord en 2023, lo cual incrementar\u00e1 las temperaturas en los pr\u00f3ximos a\u00f1os, seg\u00fan la Organizaci\u00f3n Meteorol\u00f3gica Mundial (OMM). Este aumento plantea un reto significativo para los compromisos establecidos en el Acuerdo de Par\u00eds de 2015. La OMM [&hellip;]<\/p>\n","protected":false},"author":1,"featured_media":3755,"comment_status":"open","ping_status":"open","sticky":false,"template":"","format":"standard","meta":{"footnotes":""},"categories":[11],"tags":[],"class_list":["post-3754","post","type-post","status-publish","format-standard","has-post-thumbnail","hentry","category-mundo"],"blog_post_layout_featured_media_urls":{"thumbnail":["https:\/\/elregionaldigital.info\/wp-content\/uploads\/2024\/11\/GASESEFECTO1-750x450-1-150x150.jpg",150,150,true],"full":["https:\/\/elregionaldigital.info\/wp-content\/uploads\/2024\/11\/GASESEFECTO1-750x450-1.jpg",750,450,false]},"categories_names":{"11":{"name":"Mundo","link":"https:\/\/elregionaldigital.info\/?cat=11"}},"tags_names":[],"comments_number":"0","wpmagazine_modules_lite_featured_media_urls":{"thumbnail":["https:\/\/elregionaldigital.info\/wp-content\/uploads\/2024\/11\/GASESEFECTO1-750x450-1-150x150.jpg",150,150,true],"cvmm-medium":["https:\/\/elregionaldigital.info\/wp-content\/uploads\/2024\/11\/GASESEFECTO1-750x450-1-300x300.jpg",300,300,true],"cvmm-medium-plus":["https:\/\/elregionaldigital.info\/wp-content\/uploads\/2024\/11\/GASESEFECTO1-750x450-1-305x207.jpg",305,207,true],"cvmm-portrait":["https:\/\/elregionaldigital.info\/wp-content\/uploads\/2024\/11\/GASESEFECTO1-750x450-1-400x450.jpg",400,450,true],"cvmm-medium-square":["https:\/\/elregionaldigital.info\/wp-content\/uploads\/2024\/11\/GASESEFECTO1-750x450-1-600x450.jpg",600,450,true],"cvmm-large":["https:\/\/elregionaldigital.info\/wp-content\/uploads\/2024\/11\/GASESEFECTO1-750x450-1.jpg",750,450,false],"cvmm-small":["https:\/\/elregionaldigital.info\/wp-content\/uploads\/2024\/11\/GASESEFECTO1-750x450-1-130x95.jpg",130,95,true],"full":["https:\/\/elregionaldigital.info\/wp-content\/uploads\/2024\/11\/GASESEFECTO1-750x450-1.jpg",750,450,false]},"_links":{"self":[{"href":"https:\/\/elregionaldigital.info\/index.php?rest_route=\/wp\/v2\/posts\/3754","targetHints":{"allow":["GET"]}}],"collection":[{"href":"https:\/\/elregionaldigital.info\/index.php?rest_route=\/wp\/v2\/posts"}],"about":[{"href":"https:\/\/elregionaldigital.info\/index.php?rest_route=\/wp\/v2\/types\/post"}],"author":[{"embeddable":true,"href":"https:\/\/elregionaldigital.info\/index.php?rest_route=\/wp\/v2\/users\/1"}],"replies":[{"embeddable":true,"href":"https:\/\/elregionaldigital.info\/index.php?rest_route=%2Fwp%2Fv2%2Fcomments&post=3754"}],"version-history":[{"count":1,"href":"https:\/\/elregionaldigital.info\/index.php?rest_route=\/wp\/v2\/posts\/3754\/revisions"}],"predecessor-version":[{"id":3756,"href":"https:\/\/elregionaldigital.info\/index.php?rest_route=\/wp\/v2\/posts\/3754\/revisions\/3756"}],"wp:featuredmedia":[{"embeddable":true,"href":"https:\/\/elregionaldigital.info\/index.php?rest_route=\/wp\/v2\/media\/3755"}],"wp:attachment":[{"href":"https:\/\/elregionaldigital.info\/index.php?rest_route=%2Fwp%2Fv2%2Fmedia&parent=3754"}],"wp:term":[{"taxonomy":"category","embeddable":true,"href":"https:\/\/elregionaldigital.info\/index.php?rest_route=%2Fwp%2Fv2%2Fcategories&post=3754"},{"taxonomy":"post_tag","embeddable":true,"href":"https:\/\/elregionaldigital.info\/index.php?rest_route=%2Fwp%2Fv2%2Ftags&post=3754"}],"curies":[{"name":"wp","href":"https:\/\/api.w.org\/{rel}","templated":true}]}}