{"id":3730,"date":"2024-11-06T14:35:10","date_gmt":"2024-11-06T14:35:10","guid":{"rendered":"https:\/\/elregionaldigital.info\/?p=3730"},"modified":"2024-11-06T14:35:10","modified_gmt":"2024-11-06T14:35:10","slug":"reciben-fertilizante-550-citricultores-ejidales-de-los-municipios-de-hidalgo-y-guemez-tamaulipas","status":"publish","type":"post","link":"https:\/\/elregionaldigital.info\/?p=3730","title":{"rendered":"Reciben fertilizante 550 citricultores ejidales de los municipios de Hidalgo y G\u00fc\u00e9mez, Tamaulipas"},"content":{"rendered":"\n<p><a href=\"https:\/\/laverdad.com.mx\/wp-content\/uploads\/2024\/11\/5ferti.jpeg\"><\/a>Como parte del programa de Apoyo al Desarrollo Productivo y Econ\u00f3mico, la Secretar\u00eda de Desarrollo Rural, Pesca y Acuacultura entreg\u00f3 fertilizante granulado sulfato de amonio a citricultores de los G\u00fc\u00e9mez e Hidalgo.<\/p>\n\n\n\n<p>Eliseo Camacho Nieto, subsecretario de Desarrollo Agr\u00edcola, asisti\u00f3 en representaci\u00f3n de Antonio Varela Flores, e indic\u00f3 que es el segundo a\u00f1o que realizan la entrega, ahora de 217 toneladas para fertilizar m\u00e1s de mil hect\u00e1reas para beneficio de 550 productores, con una inversi\u00f3n de 15 millones de pesos.<\/p>\n\n\n\n<p>Exhort\u00f3 a quienes quedaron fuera el apoyo a que tengan la documentaci\u00f3n vigente, que solicitan a trav\u00e9s de las instituciones del estado, pues se debe cumplir con esos lineamientos federales<\/p>\n\n\n\n<p>Camacho Nieto\u202f dijo que el gobernador, Am\u00e9rico Villarreal Anaya tiene un gran compromiso con los citricultores, por ello quiero decirles que vienen muchos proyectos como lo es el vivero certificado, que se analiza en donde se va a instalar.<\/p>\n\n\n\n<p>Recod\u00f3 que \u201ctenemos un antecedente del vivero Pancho Villa que estuvo en funciones hace unos a\u00f1os, y que fue un referente nacional en la producci\u00f3n de planta certificada, tambi\u00e9n trabajamos en las campa\u00f1as de sanidad vegetal, para enfrentar el HLB de los c\u00edtricos\u201d.<\/p>\n\n\n\n<p>\u201cEs de suma importancia comentarles que estamos trabajando en otro proyecto de poda de huertas, con un m\u00ednimo costo para el productor, y que puedan tener mejores rendimientos en sus cultivos\u201d, inform\u00f3.<\/p>\n\n\n\n<p>Durante el evento estuvieron Miguel Huerta Lara, presidente de la Uni\u00f3n de Ejidos Citricultores del Centro del Estado de Tamaulipas General Emiliano Zapato; Cosme Salazar Cervantes, comisariado del ejido Vicente Guerrero municipio de Hidalgo Tamaulipas, entre otros.<\/p>\n","protected":false},"excerpt":{"rendered":"<p>Como parte del programa de Apoyo al Desarrollo Productivo y Econ\u00f3mico, la Secretar\u00eda de Desarrollo Rural, Pesca y Acuacultura entreg\u00f3 fertilizante granulado sulfato de amonio a citricultores de los G\u00fc\u00e9mez e Hidalgo. Eliseo Camacho Nieto, subsecretario de Desarrollo Agr\u00edcola, asisti\u00f3 en representaci\u00f3n de Antonio Varela Flores, e indic\u00f3 que es el segundo a\u00f1o que realizan [&hellip;]<\/p>\n","protected":false},"author":1,"featured_media":3731,"comment_status":"open","ping_status":"open","sticky":false,"template":"","format":"standard","meta":{"footnotes":""},"categories":[2],"tags":[],"class_list":["post-3730","post","type-post","status-publish","format-standard","has-post-thumbnail","hentry","category-tamaulipas"],"blog_post_layout_featured_media_urls":{"thumbnail":["https:\/\/elregionaldigital.info\/wp-content\/uploads\/2024\/11\/5ferti-750x500-1-150x150.jpeg",150,150,true],"full":["https:\/\/elregionaldigital.info\/wp-content\/uploads\/2024\/11\/5ferti-750x500-1.jpeg",750,500,false]},"categories_names":{"2":{"name":"Tamaulipas","link":"https:\/\/elregionaldigital.info\/?cat=2"}},"tags_names":[],"comments_number":"0","wpmagazine_modules_lite_featured_media_urls":{"thumbnail":["https:\/\/elregionaldigital.info\/wp-content\/uploads\/2024\/11\/5ferti-750x500-1-150x150.jpeg",150,150,true],"cvmm-medium":["https:\/\/elregionaldigital.info\/wp-content\/uploads\/2024\/11\/5ferti-750x500-1-300x300.jpeg",300,300,true],"cvmm-medium-plus":["https:\/\/elregionaldigital.info\/wp-content\/uploads\/2024\/11\/5ferti-750x500-1-305x207.jpeg",305,207,true],"cvmm-portrait":["https:\/\/elregionaldigital.info\/wp-content\/uploads\/2024\/11\/5ferti-750x500-1-400x500.jpeg",400,500,true],"cvmm-medium-square":["https:\/\/elregionaldigital.info\/wp-content\/uploads\/2024\/11\/5ferti-750x500-1-600x500.jpeg",600,500,true],"cvmm-large":["https:\/\/elregionaldigital.info\/wp-content\/uploads\/2024\/11\/5ferti-750x500-1.jpeg",750,500,false],"cvmm-small":["https:\/\/elregionaldigital.info\/wp-content\/uploads\/2024\/11\/5ferti-750x500-1-130x95.jpeg",130,95,true],"full":["https:\/\/elregionaldigital.info\/wp-content\/uploads\/2024\/11\/5ferti-750x500-1.jpeg",750,500,false]},"_links":{"self":[{"href":"https:\/\/elregionaldigital.info\/index.php?rest_route=\/wp\/v2\/posts\/3730","targetHints":{"allow":["GET"]}}],"collection":[{"href":"https:\/\/elregionaldigital.info\/index.php?rest_route=\/wp\/v2\/posts"}],"about":[{"href":"https:\/\/elregionaldigital.info\/index.php?rest_route=\/wp\/v2\/types\/post"}],"author":[{"embeddable":true,"href":"https:\/\/elregionaldigital.info\/index.php?rest_route=\/wp\/v2\/users\/1"}],"replies":[{"embeddable":true,"href":"https:\/\/elregionaldigital.info\/index.php?rest_route=%2Fwp%2Fv2%2Fcomments&post=3730"}],"version-history":[{"count":1,"href":"https:\/\/elregionaldigital.info\/index.php?rest_route=\/wp\/v2\/posts\/3730\/revisions"}],"predecessor-version":[{"id":3732,"href":"https:\/\/elregionaldigital.info\/index.php?rest_route=\/wp\/v2\/posts\/3730\/revisions\/3732"}],"wp:featuredmedia":[{"embeddable":true,"href":"https:\/\/elregionaldigital.info\/index.php?rest_route=\/wp\/v2\/media\/3731"}],"wp:attachment":[{"href":"https:\/\/elregionaldigital.info\/index.php?rest_route=%2Fwp%2Fv2%2Fmedia&parent=3730"}],"wp:term":[{"taxonomy":"category","embeddable":true,"href":"https:\/\/elregionaldigital.info\/index.php?rest_route=%2Fwp%2Fv2%2Fcategories&post=3730"},{"taxonomy":"post_tag","embeddable":true,"href":"https:\/\/elregionaldigital.info\/index.php?rest_route=%2Fwp%2Fv2%2Ftags&post=3730"}],"curies":[{"name":"wp","href":"https:\/\/api.w.org\/{rel}","templated":true}]}}