{"id":3720,"date":"2024-10-22T14:29:42","date_gmt":"2024-10-22T14:29:42","guid":{"rendered":"https:\/\/elregionaldigital.info\/?p=3720"},"modified":"2024-11-06T14:30:49","modified_gmt":"2024-11-06T14:30:49","slug":"supervisan-director-de-imss-bienestar-y-americo-villarreal-avances-en-nuevos-hospitales-de-madero-y-tampico","status":"publish","type":"post","link":"https:\/\/elregionaldigital.info\/?p=3720","title":{"rendered":"Supervisan Director de IMSS-Bienestar y Am\u00e9rico Villarreal avances en nuevos hospitales de Madero y Tampico"},"content":{"rendered":"\n<p><a href=\"https:\/\/laverdad.com.mx\/wp-content\/uploads\/2024\/10\/17hospi5.jpeg\"><\/a>El director general del IMSS Bienestar, Alejandro Svarch P\u00e9rez, reconoci\u00f3 el trabajo del gobernador de Tamaulipas, Am\u00e9rico Villarreal Anaya, y se comprometi\u00f3 a fortalecer la plantilla de recursos humanos y a atender las necesidades de infraestructura de los hospitales del sur de Tamaulipas.<\/p>\n\n\n\n<p>Luego de supervisar el avance del nuevo hospital general de Ciudad Madero y de realizar un recorrido por el Hospital de Especialidades IMSS-Bienestar \u201cDr. Carlos Canseco\u201d de Tampico, Alejandro Svarch destac\u00f3 que su primera visita a Tamaulipas fue \u201cmuy fruct\u00edfera\u201d.<\/p>\n\n\n\n<p>\u201cVamos a encargarnos de solucionar los problemas estructurales que hemos encontrado en este hospital y a fortalecer la plantilla de recursos humanos para seguir creciendo\u201d, dijo al t\u00e9rmino del recorrido por el hospital Canseco.<\/p>\n\n\n\n<p>\u201cTodo el apoyo al gobernador Am\u00e9rico\u201d, agreg\u00f3.<\/p>\n\n\n\n<p>En Ciudad Madero, el funcionario federal, junto con el gobernador de Tamaulipas, escuch\u00f3 la explicaci\u00f3n del avance del nuevo hospital general, a cargo del secretario de Obras P\u00fablicas, Pedro Cepeda Anaya.<\/p>\n","protected":false},"excerpt":{"rendered":"<p>El director general del IMSS Bienestar, Alejandro Svarch P\u00e9rez, reconoci\u00f3 el trabajo del gobernador de Tamaulipas, Am\u00e9rico Villarreal Anaya, y se comprometi\u00f3 a fortalecer la plantilla de recursos humanos y a atender las necesidades de infraestructura de los hospitales del sur de Tamaulipas. Luego de supervisar el avance del nuevo hospital general de Ciudad Madero [&hellip;]<\/p>\n","protected":false},"author":1,"featured_media":3721,"comment_status":"open","ping_status":"open","sticky":false,"template":"","format":"standard","meta":{"footnotes":""},"categories":[2],"tags":[],"class_list":["post-3720","post","type-post","status-publish","format-standard","has-post-thumbnail","hentry","category-tamaulipas"],"blog_post_layout_featured_media_urls":{"thumbnail":["https:\/\/elregionaldigital.info\/wp-content\/uploads\/2024\/11\/17hospi1-750x375-1-150x150.jpeg",150,150,true],"full":["https:\/\/elregionaldigital.info\/wp-content\/uploads\/2024\/11\/17hospi1-750x375-1.jpeg",750,375,false]},"categories_names":{"2":{"name":"Tamaulipas","link":"https:\/\/elregionaldigital.info\/?cat=2"}},"tags_names":[],"comments_number":"0","wpmagazine_modules_lite_featured_media_urls":{"thumbnail":["https:\/\/elregionaldigital.info\/wp-content\/uploads\/2024\/11\/17hospi1-750x375-1-150x150.jpeg",150,150,true],"cvmm-medium":["https:\/\/elregionaldigital.info\/wp-content\/uploads\/2024\/11\/17hospi1-750x375-1-300x300.jpeg",300,300,true],"cvmm-medium-plus":["https:\/\/elregionaldigital.info\/wp-content\/uploads\/2024\/11\/17hospi1-750x375-1-305x207.jpeg",305,207,true],"cvmm-portrait":["https:\/\/elregionaldigital.info\/wp-content\/uploads\/2024\/11\/17hospi1-750x375-1-400x375.jpeg",400,375,true],"cvmm-medium-square":["https:\/\/elregionaldigital.info\/wp-content\/uploads\/2024\/11\/17hospi1-750x375-1-600x375.jpeg",600,375,true],"cvmm-large":["https:\/\/elregionaldigital.info\/wp-content\/uploads\/2024\/11\/17hospi1-750x375-1.jpeg",750,375,false],"cvmm-small":["https:\/\/elregionaldigital.info\/wp-content\/uploads\/2024\/11\/17hospi1-750x375-1-130x95.jpeg",130,95,true],"full":["https:\/\/elregionaldigital.info\/wp-content\/uploads\/2024\/11\/17hospi1-750x375-1.jpeg",750,375,false]},"_links":{"self":[{"href":"https:\/\/elregionaldigital.info\/index.php?rest_route=\/wp\/v2\/posts\/3720","targetHints":{"allow":["GET"]}}],"collection":[{"href":"https:\/\/elregionaldigital.info\/index.php?rest_route=\/wp\/v2\/posts"}],"about":[{"href":"https:\/\/elregionaldigital.info\/index.php?rest_route=\/wp\/v2\/types\/post"}],"author":[{"embeddable":true,"href":"https:\/\/elregionaldigital.info\/index.php?rest_route=\/wp\/v2\/users\/1"}],"replies":[{"embeddable":true,"href":"https:\/\/elregionaldigital.info\/index.php?rest_route=%2Fwp%2Fv2%2Fcomments&post=3720"}],"version-history":[{"count":1,"href":"https:\/\/elregionaldigital.info\/index.php?rest_route=\/wp\/v2\/posts\/3720\/revisions"}],"predecessor-version":[{"id":3722,"href":"https:\/\/elregionaldigital.info\/index.php?rest_route=\/wp\/v2\/posts\/3720\/revisions\/3722"}],"wp:featuredmedia":[{"embeddable":true,"href":"https:\/\/elregionaldigital.info\/index.php?rest_route=\/wp\/v2\/media\/3721"}],"wp:attachment":[{"href":"https:\/\/elregionaldigital.info\/index.php?rest_route=%2Fwp%2Fv2%2Fmedia&parent=3720"}],"wp:term":[{"taxonomy":"category","embeddable":true,"href":"https:\/\/elregionaldigital.info\/index.php?rest_route=%2Fwp%2Fv2%2Fcategories&post=3720"},{"taxonomy":"post_tag","embeddable":true,"href":"https:\/\/elregionaldigital.info\/index.php?rest_route=%2Fwp%2Fv2%2Ftags&post=3720"}],"curies":[{"name":"wp","href":"https:\/\/api.w.org\/{rel}","templated":true}]}}