{"id":3717,"date":"2024-10-17T14:29:05","date_gmt":"2024-10-17T14:29:05","guid":{"rendered":"https:\/\/elregionaldigital.info\/?p=3717"},"modified":"2024-11-06T14:29:38","modified_gmt":"2024-11-06T14:29:38","slug":"reconocen-a-docentes-personal-administrativo-y-estudiantes-de-la-ut-de-altamira","status":"publish","type":"post","link":"https:\/\/elregionaldigital.info\/?p=3717","title":{"rendered":"Reconocen a docentes, personal administrativo y estudiantes de la UT de Altamira"},"content":{"rendered":"\n<p>Luc\u00eda Aim\u00e9 Castillo Pastor, titular de la Secretar\u00eda de Educaci\u00f3n de Tamaulipas, presidi\u00f3 la ceremonia donde se reconoci\u00f3 la antig\u00fcedad del personal que cumpli\u00f3 5, 10, 15 y 20 a\u00f1os laborando en esta instituci\u00f3n.<\/p>\n\n\n\n<p>Adem\u00e1s entreg\u00f3 constancias a docentes que participaron en el desarrollo curricular de los planes y programas de estudio 2024 y a quienes lo hicieron en la evaluaci\u00f3n de las actividades de investigaci\u00f3n, innovaci\u00f3n y desarrollo tecnol\u00f3gico.<\/p>\n\n\n\n<p>En esta misma ceremonia se reconoci\u00f3 tambi\u00e9n de manera especial a estudiantes de la carrera de mecatr\u00f3nica y a sus asesores, quienes ganaron el tercer lugar en el \u2018Hidrochallenge IPN 2024\u2019, con proyectos de coheter\u00eda y que ahora presentar\u00e1n en el Congreso Nacional de Actividades Espaciales de la Agencia Espacial Mexicana 2024, evento que se realizar\u00e1 en noviembre en Matamoros.<\/p>\n\n\n\n<p>Castillo Pastor precis\u00f3 que la primera clave del \u00e9xito de la Universidad Tecnol\u00f3gica de Altamira es el equipo que la conforma, y la segunda es la flexibilidad de su modelo educativo y su estrategia de vinculaci\u00f3n con el sector productivo y comercial de la regi\u00f3n, al egresar a profesionistas especializados en lo que requiere el mercado laboral.<\/p>\n\n\n\n<p>\u201cMuchas felicidades a todas y todos. Si\u00e9ntanse orgullos, estudiantes, docentes, investigadores y trabajadores administrativos, el reconocimiento m\u00e1s sensible es el que se les da en casa, en su universidad, es el m\u00e1s sincero, pues reconoce que su logro es de todos, ya que impacta en la motivaci\u00f3n y las ganas de todos los miembros de la instituci\u00f3n\u201d, enfatiz\u00f3.<\/p>\n","protected":false},"excerpt":{"rendered":"<p>Luc\u00eda Aim\u00e9 Castillo Pastor, titular de la Secretar\u00eda de Educaci\u00f3n de Tamaulipas, presidi\u00f3 la ceremonia donde se reconoci\u00f3 la antig\u00fcedad del personal que cumpli\u00f3 5, 10, 15 y 20 a\u00f1os laborando en esta instituci\u00f3n. Adem\u00e1s entreg\u00f3 constancias a docentes que participaron en el desarrollo curricular de los planes y programas de estudio 2024 y a [&hellip;]<\/p>\n","protected":false},"author":1,"featured_media":3718,"comment_status":"open","ping_status":"open","sticky":false,"template":"","format":"standard","meta":{"footnotes":""},"categories":[2],"tags":[],"class_list":["post-3717","post","type-post","status-publish","format-standard","has-post-thumbnail","hentry","category-tamaulipas"],"blog_post_layout_featured_media_urls":{"thumbnail":["https:\/\/elregionaldigital.info\/wp-content\/uploads\/2024\/11\/SET-105-2024.-Reconocen-a-docentes-personal-administrativo-y-estudiantes-de-la-Universidad-Tecnologica-de-Altamira-1-1-750x375-1-150x150.jpeg",150,150,true],"full":["https:\/\/elregionaldigital.info\/wp-content\/uploads\/2024\/11\/SET-105-2024.-Reconocen-a-docentes-personal-administrativo-y-estudiantes-de-la-Universidad-Tecnologica-de-Altamira-1-1-750x375-1.jpeg",750,375,false]},"categories_names":{"2":{"name":"Tamaulipas","link":"https:\/\/elregionaldigital.info\/?cat=2"}},"tags_names":[],"comments_number":"0","wpmagazine_modules_lite_featured_media_urls":{"thumbnail":["https:\/\/elregionaldigital.info\/wp-content\/uploads\/2024\/11\/SET-105-2024.-Reconocen-a-docentes-personal-administrativo-y-estudiantes-de-la-Universidad-Tecnologica-de-Altamira-1-1-750x375-1-150x150.jpeg",150,150,true],"cvmm-medium":["https:\/\/elregionaldigital.info\/wp-content\/uploads\/2024\/11\/SET-105-2024.-Reconocen-a-docentes-personal-administrativo-y-estudiantes-de-la-Universidad-Tecnologica-de-Altamira-1-1-750x375-1-300x300.jpeg",300,300,true],"cvmm-medium-plus":["https:\/\/elregionaldigital.info\/wp-content\/uploads\/2024\/11\/SET-105-2024.-Reconocen-a-docentes-personal-administrativo-y-estudiantes-de-la-Universidad-Tecnologica-de-Altamira-1-1-750x375-1-305x207.jpeg",305,207,true],"cvmm-portrait":["https:\/\/elregionaldigital.info\/wp-content\/uploads\/2024\/11\/SET-105-2024.-Reconocen-a-docentes-personal-administrativo-y-estudiantes-de-la-Universidad-Tecnologica-de-Altamira-1-1-750x375-1-400x375.jpeg",400,375,true],"cvmm-medium-square":["https:\/\/elregionaldigital.info\/wp-content\/uploads\/2024\/11\/SET-105-2024.-Reconocen-a-docentes-personal-administrativo-y-estudiantes-de-la-Universidad-Tecnologica-de-Altamira-1-1-750x375-1-600x375.jpeg",600,375,true],"cvmm-large":["https:\/\/elregionaldigital.info\/wp-content\/uploads\/2024\/11\/SET-105-2024.-Reconocen-a-docentes-personal-administrativo-y-estudiantes-de-la-Universidad-Tecnologica-de-Altamira-1-1-750x375-1.jpeg",750,375,false],"cvmm-small":["https:\/\/elregionaldigital.info\/wp-content\/uploads\/2024\/11\/SET-105-2024.-Reconocen-a-docentes-personal-administrativo-y-estudiantes-de-la-Universidad-Tecnologica-de-Altamira-1-1-750x375-1-130x95.jpeg",130,95,true],"full":["https:\/\/elregionaldigital.info\/wp-content\/uploads\/2024\/11\/SET-105-2024.-Reconocen-a-docentes-personal-administrativo-y-estudiantes-de-la-Universidad-Tecnologica-de-Altamira-1-1-750x375-1.jpeg",750,375,false]},"_links":{"self":[{"href":"https:\/\/elregionaldigital.info\/index.php?rest_route=\/wp\/v2\/posts\/3717","targetHints":{"allow":["GET"]}}],"collection":[{"href":"https:\/\/elregionaldigital.info\/index.php?rest_route=\/wp\/v2\/posts"}],"about":[{"href":"https:\/\/elregionaldigital.info\/index.php?rest_route=\/wp\/v2\/types\/post"}],"author":[{"embeddable":true,"href":"https:\/\/elregionaldigital.info\/index.php?rest_route=\/wp\/v2\/users\/1"}],"replies":[{"embeddable":true,"href":"https:\/\/elregionaldigital.info\/index.php?rest_route=%2Fwp%2Fv2%2Fcomments&post=3717"}],"version-history":[{"count":1,"href":"https:\/\/elregionaldigital.info\/index.php?rest_route=\/wp\/v2\/posts\/3717\/revisions"}],"predecessor-version":[{"id":3719,"href":"https:\/\/elregionaldigital.info\/index.php?rest_route=\/wp\/v2\/posts\/3717\/revisions\/3719"}],"wp:featuredmedia":[{"embeddable":true,"href":"https:\/\/elregionaldigital.info\/index.php?rest_route=\/wp\/v2\/media\/3718"}],"wp:attachment":[{"href":"https:\/\/elregionaldigital.info\/index.php?rest_route=%2Fwp%2Fv2%2Fmedia&parent=3717"}],"wp:term":[{"taxonomy":"category","embeddable":true,"href":"https:\/\/elregionaldigital.info\/index.php?rest_route=%2Fwp%2Fv2%2Fcategories&post=3717"},{"taxonomy":"post_tag","embeddable":true,"href":"https:\/\/elregionaldigital.info\/index.php?rest_route=%2Fwp%2Fv2%2Ftags&post=3717"}],"curies":[{"name":"wp","href":"https:\/\/api.w.org\/{rel}","templated":true}]}}