{"id":3714,"date":"2024-10-12T14:28:13","date_gmt":"2024-10-12T14:28:13","guid":{"rendered":"https:\/\/elregionaldigital.info\/?p=3714"},"modified":"2024-11-06T14:28:38","modified_gmt":"2024-11-06T14:28:38","slug":"sedena-inicia-trabajos-contra-inseguridad-en-nuevo-laredo-tamaulipas","status":"publish","type":"post","link":"https:\/\/elregionaldigital.info\/?p=3714","title":{"rendered":"Sedena inicia trabajos contra inseguridad en Nuevo Laredo, Tamaulipas"},"content":{"rendered":"\n<p><a href=\"https:\/\/laverdad.com.mx\/wp-content\/uploads\/2024\/10\/14milit.jpg\"><\/a><\/p>\n\n\n\n<p>Con veh\u00edculos nuevos, equipados con tecnolog\u00eda y blindados, es como la Secretar\u00eda de la Defensa Nacional (Sedena) reforz\u00f3 la zona norte de Tamaulipas para la protecci\u00f3n y movilidad de sus tropas.<\/p>\n\n\n\n<p>Los veh\u00edculos que tienen como caracter\u00edsticas la t\u00e9cnica y capacidad de poder transportar a las tropas de una manera m\u00e1s segura en cualquier tipo de terreno y condici\u00f3n atmosf\u00e9rica, ser\u00e1n empleados en primera instancia en la ciudad de Nuevo Laredo, una de las m\u00e1s conflictivas y complejas del estado.<\/p>\n\n\n\n<p>La Sedena dijo que el objetivo es que este tipo de veh\u00edculos sean empleados para integrar operativos conjuntos entre el Ej\u00e9rcito, la Fuerza A\u00e9rea y Guardia Nacional a trav\u00e9s de los esquemas que se implementar\u00e1 con motivo de la entrada en vigor de la estrategia de seguridad del Gobierno federal.<\/p>\n\n\n\n<p>La estrategia a aplicar va dirigida a disminuir la incidencia de homicidios dolosos y los delitos de alto impacto, intensificando patrullajes en \u00e1reas urbanas y rurales.<\/p>\n","protected":false},"excerpt":{"rendered":"<p>Con veh\u00edculos nuevos, equipados con tecnolog\u00eda y blindados, es como la Secretar\u00eda de la Defensa Nacional (Sedena) reforz\u00f3 la zona norte de Tamaulipas para la protecci\u00f3n y movilidad de sus tropas. Los veh\u00edculos que tienen como caracter\u00edsticas la t\u00e9cnica y capacidad de poder transportar a las tropas de una manera m\u00e1s segura en cualquier tipo [&hellip;]<\/p>\n","protected":false},"author":1,"featured_media":3715,"comment_status":"open","ping_status":"open","sticky":false,"template":"","format":"standard","meta":{"footnotes":""},"categories":[2],"tags":[],"class_list":["post-3714","post","type-post","status-publish","format-standard","has-post-thumbnail","hentry","category-tamaulipas"],"blog_post_layout_featured_media_urls":{"thumbnail":["https:\/\/elregionaldigital.info\/wp-content\/uploads\/2024\/11\/14milit-750x563-1-150x150.jpg",150,150,true],"full":["https:\/\/elregionaldigital.info\/wp-content\/uploads\/2024\/11\/14milit-750x563-1.jpg",750,563,false]},"categories_names":{"2":{"name":"Tamaulipas","link":"https:\/\/elregionaldigital.info\/?cat=2"}},"tags_names":[],"comments_number":"0","wpmagazine_modules_lite_featured_media_urls":{"thumbnail":["https:\/\/elregionaldigital.info\/wp-content\/uploads\/2024\/11\/14milit-750x563-1-150x150.jpg",150,150,true],"cvmm-medium":["https:\/\/elregionaldigital.info\/wp-content\/uploads\/2024\/11\/14milit-750x563-1-300x300.jpg",300,300,true],"cvmm-medium-plus":["https:\/\/elregionaldigital.info\/wp-content\/uploads\/2024\/11\/14milit-750x563-1-305x207.jpg",305,207,true],"cvmm-portrait":["https:\/\/elregionaldigital.info\/wp-content\/uploads\/2024\/11\/14milit-750x563-1-400x563.jpg",400,563,true],"cvmm-medium-square":["https:\/\/elregionaldigital.info\/wp-content\/uploads\/2024\/11\/14milit-750x563-1-600x563.jpg",600,563,true],"cvmm-large":["https:\/\/elregionaldigital.info\/wp-content\/uploads\/2024\/11\/14milit-750x563-1.jpg",750,563,false],"cvmm-small":["https:\/\/elregionaldigital.info\/wp-content\/uploads\/2024\/11\/14milit-750x563-1-130x95.jpg",130,95,true],"full":["https:\/\/elregionaldigital.info\/wp-content\/uploads\/2024\/11\/14milit-750x563-1.jpg",750,563,false]},"_links":{"self":[{"href":"https:\/\/elregionaldigital.info\/index.php?rest_route=\/wp\/v2\/posts\/3714","targetHints":{"allow":["GET"]}}],"collection":[{"href":"https:\/\/elregionaldigital.info\/index.php?rest_route=\/wp\/v2\/posts"}],"about":[{"href":"https:\/\/elregionaldigital.info\/index.php?rest_route=\/wp\/v2\/types\/post"}],"author":[{"embeddable":true,"href":"https:\/\/elregionaldigital.info\/index.php?rest_route=\/wp\/v2\/users\/1"}],"replies":[{"embeddable":true,"href":"https:\/\/elregionaldigital.info\/index.php?rest_route=%2Fwp%2Fv2%2Fcomments&post=3714"}],"version-history":[{"count":1,"href":"https:\/\/elregionaldigital.info\/index.php?rest_route=\/wp\/v2\/posts\/3714\/revisions"}],"predecessor-version":[{"id":3716,"href":"https:\/\/elregionaldigital.info\/index.php?rest_route=\/wp\/v2\/posts\/3714\/revisions\/3716"}],"wp:featuredmedia":[{"embeddable":true,"href":"https:\/\/elregionaldigital.info\/index.php?rest_route=\/wp\/v2\/media\/3715"}],"wp:attachment":[{"href":"https:\/\/elregionaldigital.info\/index.php?rest_route=%2Fwp%2Fv2%2Fmedia&parent=3714"}],"wp:term":[{"taxonomy":"category","embeddable":true,"href":"https:\/\/elregionaldigital.info\/index.php?rest_route=%2Fwp%2Fv2%2Fcategories&post=3714"},{"taxonomy":"post_tag","embeddable":true,"href":"https:\/\/elregionaldigital.info\/index.php?rest_route=%2Fwp%2Fv2%2Ftags&post=3714"}],"curies":[{"name":"wp","href":"https:\/\/api.w.org\/{rel}","templated":true}]}}