{"id":3708,"date":"2024-10-31T14:25:42","date_gmt":"2024-10-31T14:25:42","guid":{"rendered":"https:\/\/elregionaldigital.info\/?p=3708"},"modified":"2024-11-06T14:26:10","modified_gmt":"2024-11-06T14:26:10","slug":"despojan-de-camioneta-a-funcionaria-de-gobierno-en-sinaloa","status":"publish","type":"post","link":"https:\/\/elregionaldigital.info\/?p=3708","title":{"rendered":"Despojan de camioneta a funcionaria de gobierno en Sinaloa"},"content":{"rendered":"\n<p><a href=\"https:\/\/laverdad.com.mx\/wp-content\/uploads\/2024\/10\/camioneta.webp\"><\/a>&#8211; Un grupo de cuatro hombres armados despoj\u00f3 de su camioneta a Patricia Figueroa Sauceda, subsecretaria de Derechos Humanos de Sinaloa, mientras se dirig\u00eda al sur de la capital. El veh\u00edculo, una RAM 4\u00d74, estaba asignado a la Subsecretar\u00eda para las labores de b\u00fasqueda de la Comisi\u00f3n Estatal de B\u00fasqueda.<\/p>\n\n\n\n<p>En el momento del asalto, Figueroa Sauceda viajaba junto a otras tres personas, entre ellas Karina M\u00e1rquez, comisionada estatal de b\u00fasqueda de personas desaparecidas. Ninguno de los ocupantes result\u00f3 herido durante el incidente, seg\u00fan informaron las autoridades locales.<\/p>\n\n\n\n<p>El robo tuvo lugar a pocos minutos de la caseta de cobro en Costa Rica, al sur de Culiac\u00e1n. Las autoridades ya realizan operativos en la zona para intentar localizar el veh\u00edculo y a los responsables del despojo.<\/p>\n","protected":false},"excerpt":{"rendered":"<p>&#8211; Un grupo de cuatro hombres armados despoj\u00f3 de su camioneta a Patricia Figueroa Sauceda, subsecretaria de Derechos Humanos de Sinaloa, mientras se dirig\u00eda al sur de la capital. El veh\u00edculo, una RAM 4\u00d74, estaba asignado a la Subsecretar\u00eda para las labores de b\u00fasqueda de la Comisi\u00f3n Estatal de B\u00fasqueda. En el momento del asalto, [&hellip;]<\/p>\n","protected":false},"author":1,"featured_media":3709,"comment_status":"open","ping_status":"open","sticky":false,"template":"","format":"standard","meta":{"footnotes":""},"categories":[5],"tags":[],"class_list":["post-3708","post","type-post","status-publish","format-standard","has-post-thumbnail","hentry","category-nacional"],"blog_post_layout_featured_media_urls":{"thumbnail":["https:\/\/elregionaldigital.info\/wp-content\/uploads\/2024\/11\/camioneta-750x500-1-150x150.webp",150,150,true],"full":["https:\/\/elregionaldigital.info\/wp-content\/uploads\/2024\/11\/camioneta-750x500-1.webp",750,500,false]},"categories_names":{"5":{"name":"Nacional","link":"https:\/\/elregionaldigital.info\/?cat=5"}},"tags_names":[],"comments_number":"0","wpmagazine_modules_lite_featured_media_urls":{"thumbnail":["https:\/\/elregionaldigital.info\/wp-content\/uploads\/2024\/11\/camioneta-750x500-1-150x150.webp",150,150,true],"cvmm-medium":["https:\/\/elregionaldigital.info\/wp-content\/uploads\/2024\/11\/camioneta-750x500-1-300x300.webp",300,300,true],"cvmm-medium-plus":["https:\/\/elregionaldigital.info\/wp-content\/uploads\/2024\/11\/camioneta-750x500-1-305x207.webp",305,207,true],"cvmm-portrait":["https:\/\/elregionaldigital.info\/wp-content\/uploads\/2024\/11\/camioneta-750x500-1-400x500.webp",400,500,true],"cvmm-medium-square":["https:\/\/elregionaldigital.info\/wp-content\/uploads\/2024\/11\/camioneta-750x500-1-600x500.webp",600,500,true],"cvmm-large":["https:\/\/elregionaldigital.info\/wp-content\/uploads\/2024\/11\/camioneta-750x500-1.webp",750,500,false],"cvmm-small":["https:\/\/elregionaldigital.info\/wp-content\/uploads\/2024\/11\/camioneta-750x500-1-130x95.webp",130,95,true],"full":["https:\/\/elregionaldigital.info\/wp-content\/uploads\/2024\/11\/camioneta-750x500-1.webp",750,500,false]},"_links":{"self":[{"href":"https:\/\/elregionaldigital.info\/index.php?rest_route=\/wp\/v2\/posts\/3708","targetHints":{"allow":["GET"]}}],"collection":[{"href":"https:\/\/elregionaldigital.info\/index.php?rest_route=\/wp\/v2\/posts"}],"about":[{"href":"https:\/\/elregionaldigital.info\/index.php?rest_route=\/wp\/v2\/types\/post"}],"author":[{"embeddable":true,"href":"https:\/\/elregionaldigital.info\/index.php?rest_route=\/wp\/v2\/users\/1"}],"replies":[{"embeddable":true,"href":"https:\/\/elregionaldigital.info\/index.php?rest_route=%2Fwp%2Fv2%2Fcomments&post=3708"}],"version-history":[{"count":1,"href":"https:\/\/elregionaldigital.info\/index.php?rest_route=\/wp\/v2\/posts\/3708\/revisions"}],"predecessor-version":[{"id":3710,"href":"https:\/\/elregionaldigital.info\/index.php?rest_route=\/wp\/v2\/posts\/3708\/revisions\/3710"}],"wp:featuredmedia":[{"embeddable":true,"href":"https:\/\/elregionaldigital.info\/index.php?rest_route=\/wp\/v2\/media\/3709"}],"wp:attachment":[{"href":"https:\/\/elregionaldigital.info\/index.php?rest_route=%2Fwp%2Fv2%2Fmedia&parent=3708"}],"wp:term":[{"taxonomy":"category","embeddable":true,"href":"https:\/\/elregionaldigital.info\/index.php?rest_route=%2Fwp%2Fv2%2Fcategories&post=3708"},{"taxonomy":"post_tag","embeddable":true,"href":"https:\/\/elregionaldigital.info\/index.php?rest_route=%2Fwp%2Fv2%2Ftags&post=3708"}],"curies":[{"name":"wp","href":"https:\/\/api.w.org\/{rel}","templated":true}]}}