{"id":3696,"date":"2024-11-05T14:12:14","date_gmt":"2024-11-05T14:12:14","guid":{"rendered":"https:\/\/elregionaldigital.info\/?p=3696"},"modified":"2024-11-06T14:12:47","modified_gmt":"2024-11-06T14:12:47","slug":"difunde-la-uat-convocatorias-de-movilidad-internacional-para-docentes","status":"publish","type":"post","link":"https:\/\/elregionaldigital.info\/?p=3696","title":{"rendered":"Difunde la UAT convocatorias de movilidad internacional para docentes"},"content":{"rendered":"\n<p>La Universidad Aut\u00f3noma de Tamaulipas (UAT) dio a conocer a su personal<br>acad\u00e9mico la apertura de Convocatorias de Becas de Movilidad Internacional<br>2025, dirigidas a docentes de tiempo completo y de horario libre, emitidas por la<br>Asociaci\u00f3n Universitaria Iberoamericana de Posgrado (AUIP).<br>Estas convocatorias ofrecen apoyos para la realizaci\u00f3n de estancias<br>acad\u00e9micas internacionales en el marco de colaboraci\u00f3n con universidades en el<br>extranjero.<br>Una de ellas es la Convocatoria Universidades Andaluzas 2025, en donde<br>docentes de tiempo completo y horario libre pueden solicitar apoyo para cubrir su<br>desplazamiento internacional. Cuenta con dos fechas de cierre: el primer plazo es<br>el 21 de noviembre de 2024, para quienes planeen su estancia entre febrero y<br>junio de 2025; y el segundo plazo el 24 de abril de 2025, para estancias entre julio<br>y noviembre del mismo a\u00f1o.<br>Por otro lado, el Programa Magallanes financia gastos de desplazamiento<br>internacional, gestionados por la AUIP, y cuenta con una primera fecha de cierre el<br>28 de noviembre de 2024, para estancias que se realicen entre febrero y junio de<br>2025; y un segundo plazo para el 29 de abril, destinado a estancias entre julio y<br>noviembre de 2025.<br>Finalmente, la convocatoria para Estancias Postdoctorales en<br>Universidades Andaluzas proporciona apoyo financiero para cubrir<br>desplazamientos y gastos de estancias por cada 30 d\u00edas, con una duraci\u00f3n<br>m\u00e1xima de 90 d\u00edas.<br>Esta convocatoria tiene una \u00fanica fecha de cierre el 21 de noviembre de<br>2024 para estancias que podr\u00e1n realizarse entre febrero y noviembre de 2025.<br>Para obtener m\u00e1s informaci\u00f3n, comunicarse con la Direcci\u00f3n de Carrera<\/p>\n\n\n\n<p>Docente de la UAT, mediante la Coordinaci\u00f3n de Movilidad Docente y Redes<br>Acad\u00e9micas al tel\u00e9fono 834 318 1800, extensiones 1101 y 1110 y al correo<br>alcumpean@uat.ediu.mx, as\u00ed como tambi\u00e9n pueden tener acceso a las<br>convocatorias en el portal oficial de la UAT (www.uat.edu.mx).<\/p>\n","protected":false},"excerpt":{"rendered":"<p>La Universidad Aut\u00f3noma de Tamaulipas (UAT) dio a conocer a su personalacad\u00e9mico la apertura de Convocatorias de Becas de Movilidad Internacional2025, dirigidas a docentes de tiempo completo y de horario libre, emitidas por laAsociaci\u00f3n Universitaria Iberoamericana de Posgrado (AUIP).Estas convocatorias ofrecen apoyos para la realizaci\u00f3n de estanciasacad\u00e9micas internacionales en el marco de colaboraci\u00f3n con universidades [&hellip;]<\/p>\n","protected":false},"author":1,"featured_media":3697,"comment_status":"open","ping_status":"open","sticky":false,"template":"","format":"standard","meta":{"footnotes":""},"categories":[4],"tags":[],"class_list":["post-3696","post","type-post","status-publish","format-standard","has-post-thumbnail","hentry","category-universidades"],"blog_post_layout_featured_media_urls":{"thumbnail":["https:\/\/elregionaldigital.info\/wp-content\/uploads\/2024\/11\/1-17-150x150.jpg",150,150,true],"full":["https:\/\/elregionaldigital.info\/wp-content\/uploads\/2024\/11\/1-17-scaled.jpg",2560,1818,false]},"categories_names":{"4":{"name":"Universidades","link":"https:\/\/elregionaldigital.info\/?cat=4"}},"tags_names":[],"comments_number":"0","wpmagazine_modules_lite_featured_media_urls":{"thumbnail":["https:\/\/elregionaldigital.info\/wp-content\/uploads\/2024\/11\/1-17-150x150.jpg",150,150,true],"cvmm-medium":["https:\/\/elregionaldigital.info\/wp-content\/uploads\/2024\/11\/1-17-300x300.jpg",300,300,true],"cvmm-medium-plus":["https:\/\/elregionaldigital.info\/wp-content\/uploads\/2024\/11\/1-17-305x207.jpg",305,207,true],"cvmm-portrait":["https:\/\/elregionaldigital.info\/wp-content\/uploads\/2024\/11\/1-17-400x600.jpg",400,600,true],"cvmm-medium-square":["https:\/\/elregionaldigital.info\/wp-content\/uploads\/2024\/11\/1-17-600x600.jpg",600,600,true],"cvmm-large":["https:\/\/elregionaldigital.info\/wp-content\/uploads\/2024\/11\/1-17-1024x1024.jpg",1024,1024,true],"cvmm-small":["https:\/\/elregionaldigital.info\/wp-content\/uploads\/2024\/11\/1-17-130x95.jpg",130,95,true],"full":["https:\/\/elregionaldigital.info\/wp-content\/uploads\/2024\/11\/1-17-scaled.jpg",2560,1818,false]},"_links":{"self":[{"href":"https:\/\/elregionaldigital.info\/index.php?rest_route=\/wp\/v2\/posts\/3696","targetHints":{"allow":["GET"]}}],"collection":[{"href":"https:\/\/elregionaldigital.info\/index.php?rest_route=\/wp\/v2\/posts"}],"about":[{"href":"https:\/\/elregionaldigital.info\/index.php?rest_route=\/wp\/v2\/types\/post"}],"author":[{"embeddable":true,"href":"https:\/\/elregionaldigital.info\/index.php?rest_route=\/wp\/v2\/users\/1"}],"replies":[{"embeddable":true,"href":"https:\/\/elregionaldigital.info\/index.php?rest_route=%2Fwp%2Fv2%2Fcomments&post=3696"}],"version-history":[{"count":1,"href":"https:\/\/elregionaldigital.info\/index.php?rest_route=\/wp\/v2\/posts\/3696\/revisions"}],"predecessor-version":[{"id":3698,"href":"https:\/\/elregionaldigital.info\/index.php?rest_route=\/wp\/v2\/posts\/3696\/revisions\/3698"}],"wp:featuredmedia":[{"embeddable":true,"href":"https:\/\/elregionaldigital.info\/index.php?rest_route=\/wp\/v2\/media\/3697"}],"wp:attachment":[{"href":"https:\/\/elregionaldigital.info\/index.php?rest_route=%2Fwp%2Fv2%2Fmedia&parent=3696"}],"wp:term":[{"taxonomy":"category","embeddable":true,"href":"https:\/\/elregionaldigital.info\/index.php?rest_route=%2Fwp%2Fv2%2Fcategories&post=3696"},{"taxonomy":"post_tag","embeddable":true,"href":"https:\/\/elregionaldigital.info\/index.php?rest_route=%2Fwp%2Fv2%2Ftags&post=3696"}],"curies":[{"name":"wp","href":"https:\/\/api.w.org\/{rel}","templated":true}]}}