{"id":3690,"date":"2024-11-03T15:29:57","date_gmt":"2024-11-03T15:29:57","guid":{"rendered":"https:\/\/elregionaldigital.info\/?p=3690"},"modified":"2024-11-04T15:30:44","modified_gmt":"2024-11-04T15:30:44","slug":"concluye-uat-con-exito-el-seminario-web-sobre-humanismo-universitario","status":"publish","type":"post","link":"https:\/\/elregionaldigital.info\/?p=3690","title":{"rendered":"Concluye UAT con \u00e9xito el seminario web sobre humanismo universitario"},"content":{"rendered":"\n<p>\u00a0<\/p>\n\n\n\n<p>El rector de la Universidad Aut\u00f3noma de Tamaulipas (UAT), D\u00e1maso Anaya<br>Alvarado, clausur\u00f3 el seminario web Identidad UAT, Humanismo Universitario, que<br>durante el mes de octubre ofreci\u00f3 un espacio de reflexi\u00f3n y aprendizaje para<br>estudiantes y docentes en el fortalecimiento de la identidad universitaria, la<br>innovaci\u00f3n educativa y la transformaci\u00f3n de la ense\u00f1anza.<br>El rector D\u00e1maso Anaya expres\u00f3 su reconocimiento a la participaci\u00f3n de<br>toda la comunidad universitaria, destacando que este seminario virtual fue una<br>oportunidad para reafirmar el compromiso de la UAT con una educaci\u00f3n integral y<br>con valores \u00e9ticos.<br>Asimismo, resalt\u00f3 el enfoque humanista en la educaci\u00f3n, enfatiz\u00f3 el papel<br>de los docentes como agentes de cambio en el aula y de los estudiantes como<br>futuros l\u00edderes comprometidos con el desarrollo \u00e9tico y responsable en sus<br>comunidades.<br>De igual forma, reafirm\u00f3 el compromiso de la UAT con actividades que<br>promueven la innovaci\u00f3n y contribuyen a una formaci\u00f3n integral que combina<br>conocimiento y habilidades con valores y responsabilidad social.<br>El seminario Identidad UAT incluy\u00f3 un programa dividido en bloques<br>espec\u00edficos para estudiantes y docentes, cada uno dise\u00f1ado para abordar temas<br>esenciales en la construcci\u00f3n de una identidad universitaria s\u00f3lida y en el impulso<br>de la innovaci\u00f3n educativa.<br>Las sesiones para estudiantes, tituladas \u201cTu identidad UAT\u201d, \u201cTransforma tu<br>aprendizaje\u201d y \u201cTransforma innovando\u201d, animaron a la comunidad estudiantil a<br>reflexionar sobre el valor de pertenecer a la UAT, aprovechar herramientas<br>tecnol\u00f3gicas y metodolog\u00edas innovadoras.<br>Por su parte, las sesiones dedicadas a los docentes, bajo temas como \u201cIdentidad<\/p>\n\n\n\n<p>UAT\u201d, \u201cTransformando la ense\u00f1anza\u201d e \u201cInnovaci\u00f3n educativa\u201d, promovieron el<br>an\u00e1lisis de su rol en la creaci\u00f3n de ambientes de aprendizaje que integren el<br>humanismo y la innovaci\u00f3n.<br>El programa busc\u00f3 desarrollar estrategias de aprendizaje y ense\u00f1anza mediante<br>materiales audiovisuales, sketches, din\u00e1micas interactivas y c\u00e1psulas informativas<br>en las que se transmitieron a la comunidad universitaria los valores humanistas<br>que definen a la UAT. Adem\u00e1s, se destacaron los programas educativos, la visi\u00f3n<br>institucional y la historia de la Universidad, con el fin de profundizar en la<br>formaci\u00f3n integral de los participantes.<\/p>\n","protected":false},"excerpt":{"rendered":"<p>\u00a0 El rector de la Universidad Aut\u00f3noma de Tamaulipas (UAT), D\u00e1maso AnayaAlvarado, clausur\u00f3 el seminario web Identidad UAT, Humanismo Universitario, quedurante el mes de octubre ofreci\u00f3 un espacio de reflexi\u00f3n y aprendizaje paraestudiantes y docentes en el fortalecimiento de la identidad universitaria, lainnovaci\u00f3n educativa y la transformaci\u00f3n de la ense\u00f1anza.El rector D\u00e1maso Anaya expres\u00f3 su [&hellip;]<\/p>\n","protected":false},"author":1,"featured_media":3691,"comment_status":"open","ping_status":"open","sticky":false,"template":"","format":"standard","meta":{"footnotes":""},"categories":[4],"tags":[],"class_list":["post-3690","post","type-post","status-publish","format-standard","has-post-thumbnail","hentry","category-universidades"],"blog_post_layout_featured_media_urls":{"thumbnail":["https:\/\/elregionaldigital.info\/wp-content\/uploads\/2024\/11\/1-2-150x150.jpg",150,150,true],"full":["https:\/\/elregionaldigital.info\/wp-content\/uploads\/2024\/11\/1-2-scaled.jpg",2560,1707,false]},"categories_names":{"4":{"name":"Universidades","link":"https:\/\/elregionaldigital.info\/?cat=4"}},"tags_names":[],"comments_number":"0","wpmagazine_modules_lite_featured_media_urls":{"thumbnail":["https:\/\/elregionaldigital.info\/wp-content\/uploads\/2024\/11\/1-2-150x150.jpg",150,150,true],"cvmm-medium":["https:\/\/elregionaldigital.info\/wp-content\/uploads\/2024\/11\/1-2-300x300.jpg",300,300,true],"cvmm-medium-plus":["https:\/\/elregionaldigital.info\/wp-content\/uploads\/2024\/11\/1-2-305x207.jpg",305,207,true],"cvmm-portrait":["https:\/\/elregionaldigital.info\/wp-content\/uploads\/2024\/11\/1-2-400x600.jpg",400,600,true],"cvmm-medium-square":["https:\/\/elregionaldigital.info\/wp-content\/uploads\/2024\/11\/1-2-600x600.jpg",600,600,true],"cvmm-large":["https:\/\/elregionaldigital.info\/wp-content\/uploads\/2024\/11\/1-2-1024x1024.jpg",1024,1024,true],"cvmm-small":["https:\/\/elregionaldigital.info\/wp-content\/uploads\/2024\/11\/1-2-130x95.jpg",130,95,true],"full":["https:\/\/elregionaldigital.info\/wp-content\/uploads\/2024\/11\/1-2-scaled.jpg",2560,1707,false]},"_links":{"self":[{"href":"https:\/\/elregionaldigital.info\/index.php?rest_route=\/wp\/v2\/posts\/3690","targetHints":{"allow":["GET"]}}],"collection":[{"href":"https:\/\/elregionaldigital.info\/index.php?rest_route=\/wp\/v2\/posts"}],"about":[{"href":"https:\/\/elregionaldigital.info\/index.php?rest_route=\/wp\/v2\/types\/post"}],"author":[{"embeddable":true,"href":"https:\/\/elregionaldigital.info\/index.php?rest_route=\/wp\/v2\/users\/1"}],"replies":[{"embeddable":true,"href":"https:\/\/elregionaldigital.info\/index.php?rest_route=%2Fwp%2Fv2%2Fcomments&post=3690"}],"version-history":[{"count":1,"href":"https:\/\/elregionaldigital.info\/index.php?rest_route=\/wp\/v2\/posts\/3690\/revisions"}],"predecessor-version":[{"id":3692,"href":"https:\/\/elregionaldigital.info\/index.php?rest_route=\/wp\/v2\/posts\/3690\/revisions\/3692"}],"wp:featuredmedia":[{"embeddable":true,"href":"https:\/\/elregionaldigital.info\/index.php?rest_route=\/wp\/v2\/media\/3691"}],"wp:attachment":[{"href":"https:\/\/elregionaldigital.info\/index.php?rest_route=%2Fwp%2Fv2%2Fmedia&parent=3690"}],"wp:term":[{"taxonomy":"category","embeddable":true,"href":"https:\/\/elregionaldigital.info\/index.php?rest_route=%2Fwp%2Fv2%2Fcategories&post=3690"},{"taxonomy":"post_tag","embeddable":true,"href":"https:\/\/elregionaldigital.info\/index.php?rest_route=%2Fwp%2Fv2%2Ftags&post=3690"}],"curies":[{"name":"wp","href":"https:\/\/api.w.org\/{rel}","templated":true}]}}