{"id":3687,"date":"2024-11-02T15:17:17","date_gmt":"2024-11-02T15:17:17","guid":{"rendered":"https:\/\/elregionaldigital.info\/?p=3687"},"modified":"2024-11-04T15:17:46","modified_gmt":"2024-11-04T15:17:46","slug":"promueve-la-uat-concursos-de-innovacion-y-emprendimiento-estudiantil","status":"publish","type":"post","link":"https:\/\/elregionaldigital.info\/?p=3687","title":{"rendered":"Promueve la UAT concursos de innovaci\u00f3n y emprendimiento estudiantil"},"content":{"rendered":"\n<p>Con el fin de promover la creatividad, el esp\u00edritu emprendedor y la capacidad innovadora<br>estudiantil, la Universidad Aut\u00f3noma de Tamaulipas (UAT), a trav\u00e9s de la Facultad de<br>Comercio y Administraci\u00f3n Victoria (FCAV), llev\u00f3 a cabo el Concurso Anual de Innovaci\u00f3n y<br>Emprendimiento y el Concurso de Innovaci\u00f3n en Proyectos de Tecnolog\u00edas de la<br>Informaci\u00f3n.<br>Ambos eventos buscan integrar el conocimiento te\u00f3rico y pr\u00e1ctico en un entorno<br>multidisciplinario donde la comunidad estudiantil colabore en la creaci\u00f3n de proyectos<br>que brinden soluciones a problemas reales en el \u00e1mbito social, econ\u00f3mico y tecnol\u00f3gico.<br>En ese sentido, se foment\u00f3 la participaci\u00f3n entre estudiantes en las \u00e1reas de<br>contadur\u00eda, administraci\u00f3n, tecnolog\u00edas de la informaci\u00f3n, econom\u00eda y desarrollo<br>sustentable, fortaleciendo as\u00ed sus competencias multidisciplinarias.<br>En el Concurso de Innovaci\u00f3n y Emprendimiento, noventa estudiantes presentaron<br>once proyectos que buscan integrar las fortalezas de distintas disciplinas para abordar<br>desaf\u00edos sociales, econ\u00f3micos y ecol\u00f3gicos, aline\u00e1ndose con los Objetivos de Desarrollo<br>Sostenible.<br>Por otro lado, el Certamen de Innovaci\u00f3n en Proyectos de Tecnolog\u00edas de la<br>Informaci\u00f3n reuni\u00f3 veinte equipos y ochenta y cinco estudiantes que presentaron<br>proyectos de aplicaciones de inteligencia artificial, ciberseguridad y herramientas m\u00f3viles,<br>dirigidas a resolver necesidades tanto empresariales como sociales.<br>Los proyectos ganadores de estas competencias recibieron reconocimiento de la<br>FCAV y tendr\u00e1n la oportunidad de representar a la UAT en competencias regionales y<br>nacionales.<br>Cabe destacar que en los eventos se cont\u00f3 con la asistencia de estudiantes de nivel<\/p>\n\n\n\n<p>medio superior, quienes tuvieron la oportunidad de familiarizarse con el trabajo de los<br>universitarios, adem\u00e1s de recorrer las instalaciones de la facultad y conocer la oferta<br>acad\u00e9mica.<\/p>\n","protected":false},"excerpt":{"rendered":"<p>Con el fin de promover la creatividad, el esp\u00edritu emprendedor y la capacidad innovadoraestudiantil, la Universidad Aut\u00f3noma de Tamaulipas (UAT), a trav\u00e9s de la Facultad deComercio y Administraci\u00f3n Victoria (FCAV), llev\u00f3 a cabo el Concurso Anual de Innovaci\u00f3n yEmprendimiento y el Concurso de Innovaci\u00f3n en Proyectos de Tecnolog\u00edas de laInformaci\u00f3n.Ambos eventos buscan integrar el conocimiento [&hellip;]<\/p>\n","protected":false},"author":1,"featured_media":3688,"comment_status":"open","ping_status":"open","sticky":false,"template":"","format":"standard","meta":{"footnotes":""},"categories":[4],"tags":[],"class_list":["post-3687","post","type-post","status-publish","format-standard","has-post-thumbnail","hentry","category-universidades"],"blog_post_layout_featured_media_urls":{"thumbnail":["https:\/\/elregionaldigital.info\/wp-content\/uploads\/2024\/11\/1-1-150x150.jpg",150,150,true],"full":["https:\/\/elregionaldigital.info\/wp-content\/uploads\/2024\/11\/1-1-scaled.jpg",2560,1707,false]},"categories_names":{"4":{"name":"Universidades","link":"https:\/\/elregionaldigital.info\/?cat=4"}},"tags_names":[],"comments_number":"0","wpmagazine_modules_lite_featured_media_urls":{"thumbnail":["https:\/\/elregionaldigital.info\/wp-content\/uploads\/2024\/11\/1-1-150x150.jpg",150,150,true],"cvmm-medium":["https:\/\/elregionaldigital.info\/wp-content\/uploads\/2024\/11\/1-1-300x300.jpg",300,300,true],"cvmm-medium-plus":["https:\/\/elregionaldigital.info\/wp-content\/uploads\/2024\/11\/1-1-305x207.jpg",305,207,true],"cvmm-portrait":["https:\/\/elregionaldigital.info\/wp-content\/uploads\/2024\/11\/1-1-400x600.jpg",400,600,true],"cvmm-medium-square":["https:\/\/elregionaldigital.info\/wp-content\/uploads\/2024\/11\/1-1-600x600.jpg",600,600,true],"cvmm-large":["https:\/\/elregionaldigital.info\/wp-content\/uploads\/2024\/11\/1-1-1024x1024.jpg",1024,1024,true],"cvmm-small":["https:\/\/elregionaldigital.info\/wp-content\/uploads\/2024\/11\/1-1-130x95.jpg",130,95,true],"full":["https:\/\/elregionaldigital.info\/wp-content\/uploads\/2024\/11\/1-1-scaled.jpg",2560,1707,false]},"_links":{"self":[{"href":"https:\/\/elregionaldigital.info\/index.php?rest_route=\/wp\/v2\/posts\/3687","targetHints":{"allow":["GET"]}}],"collection":[{"href":"https:\/\/elregionaldigital.info\/index.php?rest_route=\/wp\/v2\/posts"}],"about":[{"href":"https:\/\/elregionaldigital.info\/index.php?rest_route=\/wp\/v2\/types\/post"}],"author":[{"embeddable":true,"href":"https:\/\/elregionaldigital.info\/index.php?rest_route=\/wp\/v2\/users\/1"}],"replies":[{"embeddable":true,"href":"https:\/\/elregionaldigital.info\/index.php?rest_route=%2Fwp%2Fv2%2Fcomments&post=3687"}],"version-history":[{"count":1,"href":"https:\/\/elregionaldigital.info\/index.php?rest_route=\/wp\/v2\/posts\/3687\/revisions"}],"predecessor-version":[{"id":3689,"href":"https:\/\/elregionaldigital.info\/index.php?rest_route=\/wp\/v2\/posts\/3687\/revisions\/3689"}],"wp:featuredmedia":[{"embeddable":true,"href":"https:\/\/elregionaldigital.info\/index.php?rest_route=\/wp\/v2\/media\/3688"}],"wp:attachment":[{"href":"https:\/\/elregionaldigital.info\/index.php?rest_route=%2Fwp%2Fv2%2Fmedia&parent=3687"}],"wp:term":[{"taxonomy":"category","embeddable":true,"href":"https:\/\/elregionaldigital.info\/index.php?rest_route=%2Fwp%2Fv2%2Fcategories&post=3687"},{"taxonomy":"post_tag","embeddable":true,"href":"https:\/\/elregionaldigital.info\/index.php?rest_route=%2Fwp%2Fv2%2Ftags&post=3687"}],"curies":[{"name":"wp","href":"https:\/\/api.w.org\/{rel}","templated":true}]}}