{"id":3684,"date":"2024-11-01T15:02:14","date_gmt":"2024-11-01T15:02:14","guid":{"rendered":"https:\/\/elregionaldigital.info\/?p=3684"},"modified":"2024-11-04T15:02:52","modified_gmt":"2024-11-04T15:02:52","slug":"implementa-la-uat-estrategias-para-fortalecer-la-educacion-media-superior","status":"publish","type":"post","link":"https:\/\/elregionaldigital.info\/?p=3684","title":{"rendered":"Implementa la UAT estrategias para fortalecer la educaci\u00f3n media superior"},"content":{"rendered":"\n<p><\/p>\n\n\n\n<p>La Universidad Aut\u00f3noma de Tamaulipas (UAT) trabaja en la implementaci\u00f3n de<br>estrategias que permitan alinear la normativa del nivel medio superior a las<br>pol\u00edticas acad\u00e9micas nacionales, adem\u00e1s de fortalecer la formaci\u00f3n de sus<br>estudiantes de bachillerato.<br>Como parte de las acciones impulsadas por el rector D\u00e1maso Anaya<br>Alvarado, se han establecido proyectos cuyo prop\u00f3sito es contribuir a la visi\u00f3n<br>humanista y transformadora en este nivel educativo.<br>Con ese fin, se trabaja en procesos de actualizaci\u00f3n de la normatividad y en la<br>generaci\u00f3n del Sistema de Educaci\u00f3n Media Superior, iniciativas que tienen como<br>marco el Plan de Desarrollo Institucional de la UAT, alineadas a la pol\u00edtica<br>educativa de la entidad.<br>Con ello, se pretende ofrecer a las cinco preparatorias dependientes, as\u00ed<br>como a las m\u00e1s de cincuenta escuelas incorporadas, herramientas que consoliden<br>la oferta acad\u00e9mica de bachillerato.<br>En el contexto de la normativa se consideran aspectos como el plan de<br>estudios, acompa\u00f1amiento a la trayectoria de los estudiantes, los roles y figuras<br>que participan, as\u00ed como disposiciones que regulan los servicios de bachillerato en<br>las escuelas incorporadas.<br>En tanto que la creaci\u00f3n del Sistema de Educaci\u00f3n Media Superior es por<br>la necesidad de dotar a este nivel educativo de las herramientas, estructura,<br>procesos e innovaciones necesarias para garantizar la calidad acad\u00e9mica que<br>respalde los servicios que se brindan a los estudiantes.<br>Entre otras estrategias, se busca incrementar la capacidad para atender la<br>demanda de bachillerato mediante la creaci\u00f3n de nuevas preparatorias, adem\u00e1s<br>de modalidades en l\u00ednea y mixta.<\/p>\n\n\n\n<p>Se pretende consolidar la oferta de bachillerato biling\u00fce para dar a los<br>estudiantes m\u00e1s herramientas que les ayuden durante su formaci\u00f3n profesional;<br>as\u00ed como tambi\u00e9n las modalidades en l\u00ednea y mixtas para contribuir a la<br>disminuci\u00f3n del rezago en este nivel educativo, favoreciendo tanto a j\u00f3venes y a<br>adultos que por alguna situaci\u00f3n de vulnerabilidad no lograron concluir el<br>bachillerato en tiempo y forma.<\/p>\n","protected":false},"excerpt":{"rendered":"<p>La Universidad Aut\u00f3noma de Tamaulipas (UAT) trabaja en la implementaci\u00f3n deestrategias que permitan alinear la normativa del nivel medio superior a laspol\u00edticas acad\u00e9micas nacionales, adem\u00e1s de fortalecer la formaci\u00f3n de susestudiantes de bachillerato.Como parte de las acciones impulsadas por el rector D\u00e1maso AnayaAlvarado, se han establecido proyectos cuyo prop\u00f3sito es contribuir a la visi\u00f3nhumanista y [&hellip;]<\/p>\n","protected":false},"author":1,"featured_media":3685,"comment_status":"open","ping_status":"open","sticky":false,"template":"","format":"standard","meta":{"footnotes":""},"categories":[4],"tags":[],"class_list":["post-3684","post","type-post","status-publish","format-standard","has-post-thumbnail","hentry","category-universidades"],"blog_post_layout_featured_media_urls":{"thumbnail":["https:\/\/elregionaldigital.info\/wp-content\/uploads\/2024\/11\/2-150x150.jpg",150,150,true],"full":["https:\/\/elregionaldigital.info\/wp-content\/uploads\/2024\/11\/2.jpg",1600,1200,false]},"categories_names":{"4":{"name":"Universidades","link":"https:\/\/elregionaldigital.info\/?cat=4"}},"tags_names":[],"comments_number":"0","wpmagazine_modules_lite_featured_media_urls":{"thumbnail":["https:\/\/elregionaldigital.info\/wp-content\/uploads\/2024\/11\/2-150x150.jpg",150,150,true],"cvmm-medium":["https:\/\/elregionaldigital.info\/wp-content\/uploads\/2024\/11\/2-300x300.jpg",300,300,true],"cvmm-medium-plus":["https:\/\/elregionaldigital.info\/wp-content\/uploads\/2024\/11\/2-305x207.jpg",305,207,true],"cvmm-portrait":["https:\/\/elregionaldigital.info\/wp-content\/uploads\/2024\/11\/2-400x600.jpg",400,600,true],"cvmm-medium-square":["https:\/\/elregionaldigital.info\/wp-content\/uploads\/2024\/11\/2-600x600.jpg",600,600,true],"cvmm-large":["https:\/\/elregionaldigital.info\/wp-content\/uploads\/2024\/11\/2-1024x1024.jpg",1024,1024,true],"cvmm-small":["https:\/\/elregionaldigital.info\/wp-content\/uploads\/2024\/11\/2-130x95.jpg",130,95,true],"full":["https:\/\/elregionaldigital.info\/wp-content\/uploads\/2024\/11\/2.jpg",1600,1200,false]},"_links":{"self":[{"href":"https:\/\/elregionaldigital.info\/index.php?rest_route=\/wp\/v2\/posts\/3684","targetHints":{"allow":["GET"]}}],"collection":[{"href":"https:\/\/elregionaldigital.info\/index.php?rest_route=\/wp\/v2\/posts"}],"about":[{"href":"https:\/\/elregionaldigital.info\/index.php?rest_route=\/wp\/v2\/types\/post"}],"author":[{"embeddable":true,"href":"https:\/\/elregionaldigital.info\/index.php?rest_route=\/wp\/v2\/users\/1"}],"replies":[{"embeddable":true,"href":"https:\/\/elregionaldigital.info\/index.php?rest_route=%2Fwp%2Fv2%2Fcomments&post=3684"}],"version-history":[{"count":1,"href":"https:\/\/elregionaldigital.info\/index.php?rest_route=\/wp\/v2\/posts\/3684\/revisions"}],"predecessor-version":[{"id":3686,"href":"https:\/\/elregionaldigital.info\/index.php?rest_route=\/wp\/v2\/posts\/3684\/revisions\/3686"}],"wp:featuredmedia":[{"embeddable":true,"href":"https:\/\/elregionaldigital.info\/index.php?rest_route=\/wp\/v2\/media\/3685"}],"wp:attachment":[{"href":"https:\/\/elregionaldigital.info\/index.php?rest_route=%2Fwp%2Fv2%2Fmedia&parent=3684"}],"wp:term":[{"taxonomy":"category","embeddable":true,"href":"https:\/\/elregionaldigital.info\/index.php?rest_route=%2Fwp%2Fv2%2Fcategories&post=3684"},{"taxonomy":"post_tag","embeddable":true,"href":"https:\/\/elregionaldigital.info\/index.php?rest_route=%2Fwp%2Fv2%2Ftags&post=3684"}],"curies":[{"name":"wp","href":"https:\/\/api.w.org\/{rel}","templated":true}]}}