{"id":3681,"date":"2024-10-31T14:37:08","date_gmt":"2024-10-31T14:37:08","guid":{"rendered":"https:\/\/elregionaldigital.info\/?p=3681"},"modified":"2024-11-04T14:37:41","modified_gmt":"2024-11-04T14:37:41","slug":"fomenta-la-uat-tradiciones-del-dia-de-muertos","status":"publish","type":"post","link":"https:\/\/elregionaldigital.info\/?p=3681","title":{"rendered":"Fomenta la UAT tradiciones del D\u00eda de Muertos"},"content":{"rendered":"\n<p>La Universidad Aut\u00f3noma de Tamaulipas (UAT) celebr\u00f3 el tradicional D\u00eda de<br>Muertos con una serie de actividades organizadas en todas sus dependencias<br>acad\u00e9micas y administrativas a lo largo del estado.<br>Reafirmando el inter\u00e9s por la preservaci\u00f3n de las tradiciones mexicanas y<br>la identidad cultural, la comunidad universitaria particip\u00f3 en la instalaci\u00f3n de<br>altares en diferentes escenarios y en la realizaci\u00f3n de concursos de catrinas y<br>calaveritas literarias, unidos para preservar las costumbres que forman parte de la<br>mexicanidad y recordar a nuestros difuntos.<br>Por su parte, el rector de la UAT, D\u00e1maso Anaya Alvarado, particip\u00f3<br>activamente en los eventos conmemorativos agradeciendo la continuidad de las<br>tradiciones mexicanas y destacando la importancia de los altares de muertos en la<br>cultura del pa\u00eds.<br>Durante la instalaci\u00f3n del altar en el Centro de Gesti\u00f3n del Conocimiento,<br>organizado por Familia UAT, el rector se uni\u00f3 a la comunidad universitaria en un<br>acto simb\u00f3lico que reflej\u00f3 el sentido de unidad y respeto hacia los seres queridos<br>que han partido.<br>Acompa\u00f1ado de su esposa, Isolda Rend\u00f3n de Anaya, presidenta de Familia<br>UAT, el rector mencion\u00f3 que estas actividades simbolizan la convivencia y el<br>compromiso de recordar a quienes ya no est\u00e1n.<br>Adem\u00e1s, enfatiz\u00f3 que las acciones positivas de nuestros seres queridos<br>deben ser recordadas con cari\u00f1o, reconoci\u00f3 la diversidad de costumbres y<br>agradeci\u00f3 la participaci\u00f3n de toda la comunidad universitaria en esta celebraci\u00f3n.<\/p>\n\n\n\n<p>Posteriormente, D\u00e1maso Anaya felicit\u00f3 a todas las dependencias que<br>participaron en el magno evento conmemorativo en el Gimnasio Multidisciplinario<\/p>\n\n\n\n<p>Victoria, donde se realiz\u00f3 la exposici\u00f3n de altares de muertos creados por equipos<br>de las distintas facultades, un certamen de catrinas y catrines y un concurso de<br>calaveritas literarias.<br>Adem\u00e1s de estos eventos, en todos los campus de la UAT se realizaron<br>actividades alusivas a esta festividad, con exhibiciones, concursos y<br>presentaciones art\u00edsticas, demostrando un esfuerzo conjunto por transmitir la<br>importancia de nuestras tradiciones a toda la comunidad de esta casa de estudios.<\/p>\n","protected":false},"excerpt":{"rendered":"<p>La Universidad Aut\u00f3noma de Tamaulipas (UAT) celebr\u00f3 el tradicional D\u00eda deMuertos con una serie de actividades organizadas en todas sus dependenciasacad\u00e9micas y administrativas a lo largo del estado.Reafirmando el inter\u00e9s por la preservaci\u00f3n de las tradiciones mexicanas yla identidad cultural, la comunidad universitaria particip\u00f3 en la instalaci\u00f3n dealtares en diferentes escenarios y en la realizaci\u00f3n [&hellip;]<\/p>\n","protected":false},"author":1,"featured_media":3682,"comment_status":"open","ping_status":"open","sticky":false,"template":"","format":"standard","meta":{"footnotes":""},"categories":[4],"tags":[],"class_list":["post-3681","post","type-post","status-publish","format-standard","has-post-thumbnail","hentry","category-universidades"],"blog_post_layout_featured_media_urls":{"thumbnail":["https:\/\/elregionaldigital.info\/wp-content\/uploads\/2024\/11\/4-150x150.jpg",150,150,true],"full":["https:\/\/elregionaldigital.info\/wp-content\/uploads\/2024\/11\/4-scaled.jpg",2560,1707,false]},"categories_names":{"4":{"name":"Universidades","link":"https:\/\/elregionaldigital.info\/?cat=4"}},"tags_names":[],"comments_number":"0","wpmagazine_modules_lite_featured_media_urls":{"thumbnail":["https:\/\/elregionaldigital.info\/wp-content\/uploads\/2024\/11\/4-150x150.jpg",150,150,true],"cvmm-medium":["https:\/\/elregionaldigital.info\/wp-content\/uploads\/2024\/11\/4-300x300.jpg",300,300,true],"cvmm-medium-plus":["https:\/\/elregionaldigital.info\/wp-content\/uploads\/2024\/11\/4-305x207.jpg",305,207,true],"cvmm-portrait":["https:\/\/elregionaldigital.info\/wp-content\/uploads\/2024\/11\/4-400x600.jpg",400,600,true],"cvmm-medium-square":["https:\/\/elregionaldigital.info\/wp-content\/uploads\/2024\/11\/4-600x600.jpg",600,600,true],"cvmm-large":["https:\/\/elregionaldigital.info\/wp-content\/uploads\/2024\/11\/4-1024x1024.jpg",1024,1024,true],"cvmm-small":["https:\/\/elregionaldigital.info\/wp-content\/uploads\/2024\/11\/4-130x95.jpg",130,95,true],"full":["https:\/\/elregionaldigital.info\/wp-content\/uploads\/2024\/11\/4-scaled.jpg",2560,1707,false]},"_links":{"self":[{"href":"https:\/\/elregionaldigital.info\/index.php?rest_route=\/wp\/v2\/posts\/3681","targetHints":{"allow":["GET"]}}],"collection":[{"href":"https:\/\/elregionaldigital.info\/index.php?rest_route=\/wp\/v2\/posts"}],"about":[{"href":"https:\/\/elregionaldigital.info\/index.php?rest_route=\/wp\/v2\/types\/post"}],"author":[{"embeddable":true,"href":"https:\/\/elregionaldigital.info\/index.php?rest_route=\/wp\/v2\/users\/1"}],"replies":[{"embeddable":true,"href":"https:\/\/elregionaldigital.info\/index.php?rest_route=%2Fwp%2Fv2%2Fcomments&post=3681"}],"version-history":[{"count":1,"href":"https:\/\/elregionaldigital.info\/index.php?rest_route=\/wp\/v2\/posts\/3681\/revisions"}],"predecessor-version":[{"id":3683,"href":"https:\/\/elregionaldigital.info\/index.php?rest_route=\/wp\/v2\/posts\/3681\/revisions\/3683"}],"wp:featuredmedia":[{"embeddable":true,"href":"https:\/\/elregionaldigital.info\/index.php?rest_route=\/wp\/v2\/media\/3682"}],"wp:attachment":[{"href":"https:\/\/elregionaldigital.info\/index.php?rest_route=%2Fwp%2Fv2%2Fmedia&parent=3681"}],"wp:term":[{"taxonomy":"category","embeddable":true,"href":"https:\/\/elregionaldigital.info\/index.php?rest_route=%2Fwp%2Fv2%2Fcategories&post=3681"},{"taxonomy":"post_tag","embeddable":true,"href":"https:\/\/elregionaldigital.info\/index.php?rest_route=%2Fwp%2Fv2%2Ftags&post=3681"}],"curies":[{"name":"wp","href":"https:\/\/api.w.org\/{rel}","templated":true}]}}