{"id":3663,"date":"2024-10-27T16:38:30","date_gmt":"2024-10-27T16:38:30","guid":{"rendered":"https:\/\/elregionaldigital.info\/?p=3663"},"modified":"2024-10-28T16:38:57","modified_gmt":"2024-10-28T16:38:57","slug":"asamblea-de-la-uat-aprueba-nuevas-carreras-y-preparatoria-en-nuevo-laredo","status":"publish","type":"post","link":"https:\/\/elregionaldigital.info\/?p=3663","title":{"rendered":"Asamblea de la UAT aprueba nuevas carreras y preparatoria en Nuevo Laredo"},"content":{"rendered":"\n<p>La Asamblea de la Universidad Aut\u00f3noma de Tamaulipas (UAT) aprob\u00f3 la creaci\u00f3n<br>de dos nuevos programas acad\u00e9micos y la apertura de la escuela preparatoria de<br>esta casa de estudios en Nuevo Laredo.<br>En la sesi\u00f3n realizada en modo virtual con los asamble\u00edstas de las 26<br>dependencias acad\u00e9micas de la UAT, el rector D\u00e1maso Anaya Alvarado presidi\u00f3<br>los trabajos de este \u00f3rgano colegiado, donde se abordaron temas relacionados<br>con la cobertura educativa y el reglamento del personal acad\u00e9mico.<br>En este marco, la Asamblea Universitaria aprob\u00f3 la apertura de la<br>Licenciatura en Ingenier\u00eda en Ciencias de Datos, que impartir\u00e1 la Facultad de<br>Ingenier\u00eda y Ciencias en modalidad no escolarizada y con periodicidad<br>cuatrimestral, que tendr\u00e1 vigencia a partir de 2025.<br>Tambi\u00e9n se aprob\u00f3 la Licenciatura en Autotransporte de Carga, que<br>ofrecer\u00e1 la Facultad de Comercio, Administraci\u00f3n y Ciencias Sociales Nuevo<br>Laredo, cuya modalidad ser\u00e1 escolarizada y tendr\u00e1 periodicidad semestral. La<br>vigencia ser\u00e1 a partir de 2025.<br>En otro punto del orden del d\u00eda, se aprob\u00f3 la apertura de la Escuela<br>Preparatoria UAT Nuevo Laredo, conforme al decreto n\u00famero 65-918, mediante el<br>cual se autoriza al Ayuntamiento de Nuevo Laredo el comodato de un bien<br>inmueble propiedad municipal, adem\u00e1s de su equipamiento a favor de la<br>Universidad Aut\u00f3noma de Tamaulipas, por el t\u00e9rmino de 20 a\u00f1os, destinado para<br>la nueva preparatoria municipal.<\/p>\n\n\n\n<p>Asimismo, se aval\u00f3 la celebraci\u00f3n del contrato de comodato con el Gobierno<br>Municipal de Nuevo Laredo.<\/p>\n\n\n\n<p>En la sesi\u00f3n virtual, el rector D\u00e1maso Anaya coment\u00f3 que el avance en<br>materia acad\u00e9mica le permitir\u00e1 a la UAT consolidar la calidad de los programas<br>que ofrece a los j\u00f3venes tamaulipecos, quienes actualmente buscan opciones<br>id\u00f3neas para formarse profesionalmente.<br>Finalmente, se aprob\u00f3 una propuesta de reforma al Reglamento del Personal<br>Acad\u00e9mico, que modifica el art\u00edculo 79, con la cual se busca beneficiar a los<br>docentes en los procesos de categorizaci\u00f3n profesional.<\/p>\n","protected":false},"excerpt":{"rendered":"<p>La Asamblea de la Universidad Aut\u00f3noma de Tamaulipas (UAT) aprob\u00f3 la creaci\u00f3nde dos nuevos programas acad\u00e9micos y la apertura de la escuela preparatoria deesta casa de estudios en Nuevo Laredo.En la sesi\u00f3n realizada en modo virtual con los asamble\u00edstas de las 26dependencias acad\u00e9micas de la UAT, el rector D\u00e1maso Anaya Alvarado presidi\u00f3los trabajos de este [&hellip;]<\/p>\n","protected":false},"author":1,"featured_media":3664,"comment_status":"open","ping_status":"open","sticky":false,"template":"","format":"standard","meta":{"footnotes":""},"categories":[4],"tags":[],"class_list":["post-3663","post","type-post","status-publish","format-standard","has-post-thumbnail","hentry","category-universidades"],"blog_post_layout_featured_media_urls":{"thumbnail":["https:\/\/elregionaldigital.info\/wp-content\/uploads\/2024\/10\/img1-150x150.jpg",150,150,true],"full":["https:\/\/elregionaldigital.info\/wp-content\/uploads\/2024\/10\/img1.jpg",2560,1706,false]},"categories_names":{"4":{"name":"Universidades","link":"https:\/\/elregionaldigital.info\/?cat=4"}},"tags_names":[],"comments_number":"0","wpmagazine_modules_lite_featured_media_urls":{"thumbnail":["https:\/\/elregionaldigital.info\/wp-content\/uploads\/2024\/10\/img1-150x150.jpg",150,150,true],"cvmm-medium":["https:\/\/elregionaldigital.info\/wp-content\/uploads\/2024\/10\/img1-300x300.jpg",300,300,true],"cvmm-medium-plus":["https:\/\/elregionaldigital.info\/wp-content\/uploads\/2024\/10\/img1-305x207.jpg",305,207,true],"cvmm-portrait":["https:\/\/elregionaldigital.info\/wp-content\/uploads\/2024\/10\/img1-400x600.jpg",400,600,true],"cvmm-medium-square":["https:\/\/elregionaldigital.info\/wp-content\/uploads\/2024\/10\/img1-600x600.jpg",600,600,true],"cvmm-large":["https:\/\/elregionaldigital.info\/wp-content\/uploads\/2024\/10\/img1-1024x1024.jpg",1024,1024,true],"cvmm-small":["https:\/\/elregionaldigital.info\/wp-content\/uploads\/2024\/10\/img1-130x95.jpg",130,95,true],"full":["https:\/\/elregionaldigital.info\/wp-content\/uploads\/2024\/10\/img1.jpg",2560,1706,false]},"_links":{"self":[{"href":"https:\/\/elregionaldigital.info\/index.php?rest_route=\/wp\/v2\/posts\/3663","targetHints":{"allow":["GET"]}}],"collection":[{"href":"https:\/\/elregionaldigital.info\/index.php?rest_route=\/wp\/v2\/posts"}],"about":[{"href":"https:\/\/elregionaldigital.info\/index.php?rest_route=\/wp\/v2\/types\/post"}],"author":[{"embeddable":true,"href":"https:\/\/elregionaldigital.info\/index.php?rest_route=\/wp\/v2\/users\/1"}],"replies":[{"embeddable":true,"href":"https:\/\/elregionaldigital.info\/index.php?rest_route=%2Fwp%2Fv2%2Fcomments&post=3663"}],"version-history":[{"count":1,"href":"https:\/\/elregionaldigital.info\/index.php?rest_route=\/wp\/v2\/posts\/3663\/revisions"}],"predecessor-version":[{"id":3665,"href":"https:\/\/elregionaldigital.info\/index.php?rest_route=\/wp\/v2\/posts\/3663\/revisions\/3665"}],"wp:featuredmedia":[{"embeddable":true,"href":"https:\/\/elregionaldigital.info\/index.php?rest_route=\/wp\/v2\/media\/3664"}],"wp:attachment":[{"href":"https:\/\/elregionaldigital.info\/index.php?rest_route=%2Fwp%2Fv2%2Fmedia&parent=3663"}],"wp:term":[{"taxonomy":"category","embeddable":true,"href":"https:\/\/elregionaldigital.info\/index.php?rest_route=%2Fwp%2Fv2%2Fcategories&post=3663"},{"taxonomy":"post_tag","embeddable":true,"href":"https:\/\/elregionaldigital.info\/index.php?rest_route=%2Fwp%2Fv2%2Ftags&post=3663"}],"curies":[{"name":"wp","href":"https:\/\/api.w.org\/{rel}","templated":true}]}}