{"id":3660,"date":"2024-10-26T16:28:03","date_gmt":"2024-10-26T16:28:03","guid":{"rendered":"https:\/\/elregionaldigital.info\/?p=3660"},"modified":"2024-10-28T16:28:34","modified_gmt":"2024-10-28T16:28:34","slug":"participa-la-uat-en-el-maraton-emprende-y-transforma","status":"publish","type":"post","link":"https:\/\/elregionaldigital.info\/?p=3660","title":{"rendered":"Participa la UAT en el \u201cMarat\u00f3n Emprende y Transforma\u201d"},"content":{"rendered":"\n<p><\/p>\n\n\n\n<p><br>La Universidad Aut\u00f3noma de Tamaulipas (UAT) reafirm\u00f3 su compromiso con la<br>formaci\u00f3n de l\u00edderes emprendedores al participar activamente en el Segundo<br>Marat\u00f3n Emprende y Transforma, organizado en colaboraci\u00f3n con la Secretar\u00eda de<br>Econom\u00eda y la Secretar\u00eda de Educaci\u00f3n del estado, as\u00ed como la Universidad<br>Iberoamericana de Puebla.<br>Este evento reuni\u00f3 en el Gimnasio Multidisciplinario del Campus Victoria a<br>m\u00e1s de trescientos j\u00f3venes de instituciones de educaci\u00f3n media superior y<br>superior de la regi\u00f3n centro del estado, quienes recibieron capacitaci\u00f3n en<br>innovaci\u00f3n y emprendimiento social para la creaci\u00f3n de proyectos que promuevan<br>cambios positivos en sus comunidades.<br>En representaci\u00f3n del rector de la UAT, D\u00e1maso Anaya Alvarado, la<br>secretaria de Gesti\u00f3n Escolar, Alma Amalia Hern\u00e1ndez Ilizaliturri, dirigi\u00f3 un<br>mensaje en el que subray\u00f3 el compromiso de la Universidad en la formaci\u00f3n de<br>ciudadanos emprendedores y responsables.<br>De igual manera, destac\u00f3 las plataformas educativas orientadas al<br>emprendimiento social que se implementan en la UAT, encaminadas a generar<br>empresas y proyectos en beneficio de la sociedad.<br>A lo largo del evento, las y los j\u00f3venes participaron en din\u00e1micas que<br>abordaron temas como el acceso al agua, energ\u00edas renovables, contaminaci\u00f3n del<br>aire, migraci\u00f3n y emprendimiento juvenil, mediante metodolog\u00edas colaborativas<br>que promovieron la creaci\u00f3n de soluciones innovadoras y sostenibles con un<br>enfoque de impacto econ\u00f3mico y social.<br>El evento cont\u00f3 con la presencia de la secretaria de Econom\u00eda, Ninfa Cant\u00fa<br>De\u00e1ndar; el subsecretario de Educaci\u00f3n Media Superior y Superior de la SET,<br>Guadalupe Acosta Villarreal; y la secretaria acad\u00e9mica de la UAT, Rosa Issel<br>Acosta Gonz\u00e1lez; entre otras autoridades y representantes de instituciones<br>educativas y gubernamentales.<\/p>\n\n\n\n<p>Al concluir el evento, las autoridades de las instituciones organizadoras<br>firmaron una carta de intenci\u00f3n con el fin de promover la econom\u00eda social y<br>solidaria, la innovaci\u00f3n, el intercambio acad\u00e9mico y cultural y la capacitaci\u00f3n<br>profesional, favoreciendo el desarrollo de ciencia y tecnolog\u00eda en beneficio de la<br>juventud tamaulipeca y la sociedad mexicana.<\/p>\n","protected":false},"excerpt":{"rendered":"<p>La Universidad Aut\u00f3noma de Tamaulipas (UAT) reafirm\u00f3 su compromiso con laformaci\u00f3n de l\u00edderes emprendedores al participar activamente en el SegundoMarat\u00f3n Emprende y Transforma, organizado en colaboraci\u00f3n con la Secretar\u00eda deEconom\u00eda y la Secretar\u00eda de Educaci\u00f3n del estado, as\u00ed como la UniversidadIberoamericana de Puebla.Este evento reuni\u00f3 en el Gimnasio Multidisciplinario del Campus Victoria am\u00e1s de trescientos [&hellip;]<\/p>\n","protected":false},"author":1,"featured_media":3661,"comment_status":"open","ping_status":"open","sticky":false,"template":"","format":"standard","meta":{"footnotes":""},"categories":[4],"tags":[],"class_list":["post-3660","post","type-post","status-publish","format-standard","has-post-thumbnail","hentry","category-universidades"],"blog_post_layout_featured_media_urls":{"thumbnail":["https:\/\/elregionaldigital.info\/wp-content\/uploads\/2024\/10\/foto-3-maraton-26-10-2024-150x150.jpg",150,150,true],"full":["https:\/\/elregionaldigital.info\/wp-content\/uploads\/2024\/10\/foto-3-maraton-26-10-2024-scaled.jpg",2560,1707,false]},"categories_names":{"4":{"name":"Universidades","link":"https:\/\/elregionaldigital.info\/?cat=4"}},"tags_names":[],"comments_number":"0","wpmagazine_modules_lite_featured_media_urls":{"thumbnail":["https:\/\/elregionaldigital.info\/wp-content\/uploads\/2024\/10\/foto-3-maraton-26-10-2024-150x150.jpg",150,150,true],"cvmm-medium":["https:\/\/elregionaldigital.info\/wp-content\/uploads\/2024\/10\/foto-3-maraton-26-10-2024-300x300.jpg",300,300,true],"cvmm-medium-plus":["https:\/\/elregionaldigital.info\/wp-content\/uploads\/2024\/10\/foto-3-maraton-26-10-2024-305x207.jpg",305,207,true],"cvmm-portrait":["https:\/\/elregionaldigital.info\/wp-content\/uploads\/2024\/10\/foto-3-maraton-26-10-2024-400x600.jpg",400,600,true],"cvmm-medium-square":["https:\/\/elregionaldigital.info\/wp-content\/uploads\/2024\/10\/foto-3-maraton-26-10-2024-600x600.jpg",600,600,true],"cvmm-large":["https:\/\/elregionaldigital.info\/wp-content\/uploads\/2024\/10\/foto-3-maraton-26-10-2024-scaled.jpg",1024,683,false],"cvmm-small":["https:\/\/elregionaldigital.info\/wp-content\/uploads\/2024\/10\/foto-3-maraton-26-10-2024-scaled.jpg",130,87,false],"full":["https:\/\/elregionaldigital.info\/wp-content\/uploads\/2024\/10\/foto-3-maraton-26-10-2024-scaled.jpg",2560,1707,false]},"_links":{"self":[{"href":"https:\/\/elregionaldigital.info\/index.php?rest_route=\/wp\/v2\/posts\/3660","targetHints":{"allow":["GET"]}}],"collection":[{"href":"https:\/\/elregionaldigital.info\/index.php?rest_route=\/wp\/v2\/posts"}],"about":[{"href":"https:\/\/elregionaldigital.info\/index.php?rest_route=\/wp\/v2\/types\/post"}],"author":[{"embeddable":true,"href":"https:\/\/elregionaldigital.info\/index.php?rest_route=\/wp\/v2\/users\/1"}],"replies":[{"embeddable":true,"href":"https:\/\/elregionaldigital.info\/index.php?rest_route=%2Fwp%2Fv2%2Fcomments&post=3660"}],"version-history":[{"count":1,"href":"https:\/\/elregionaldigital.info\/index.php?rest_route=\/wp\/v2\/posts\/3660\/revisions"}],"predecessor-version":[{"id":3662,"href":"https:\/\/elregionaldigital.info\/index.php?rest_route=\/wp\/v2\/posts\/3660\/revisions\/3662"}],"wp:featuredmedia":[{"embeddable":true,"href":"https:\/\/elregionaldigital.info\/index.php?rest_route=\/wp\/v2\/media\/3661"}],"wp:attachment":[{"href":"https:\/\/elregionaldigital.info\/index.php?rest_route=%2Fwp%2Fv2%2Fmedia&parent=3660"}],"wp:term":[{"taxonomy":"category","embeddable":true,"href":"https:\/\/elregionaldigital.info\/index.php?rest_route=%2Fwp%2Fv2%2Fcategories&post=3660"},{"taxonomy":"post_tag","embeddable":true,"href":"https:\/\/elregionaldigital.info\/index.php?rest_route=%2Fwp%2Fv2%2Ftags&post=3660"}],"curies":[{"name":"wp","href":"https:\/\/api.w.org\/{rel}","templated":true}]}}