{"id":3642,"date":"2024-10-21T14:53:24","date_gmt":"2024-10-21T14:53:24","guid":{"rendered":"https:\/\/elregionaldigital.info\/?p=3642"},"modified":"2024-10-28T14:53:52","modified_gmt":"2024-10-28T14:53:52","slug":"consolida-la-uat-57-anos-de-prestigio-academico-de-la-facultad-de-comercio-victoria","status":"publish","type":"post","link":"https:\/\/elregionaldigital.info\/?p=3642","title":{"rendered":"Consolida la UAT 57 a\u00f1os de prestigio acad\u00e9mico de la Facultad de Comercio Victoria"},"content":{"rendered":"\n<p>El rector de la Universidad Aut\u00f3noma de Tamaulipas (UAT), D\u00e1maso Anaya Alvarado,<br>expres\u00f3 su reconocimiento a la Facultad de Comercio y Administraci\u00f3n Victoria (FCAV) por<br>consolidar 57 a\u00f1os de formar profesionales que han contribuido al desarrollo del estado y<br>la regi\u00f3n.<br>En el acto conmemorativo, el rector refiri\u00f3 que la oferta acad\u00e9mica de la FCAV es<br>referente en la formaci\u00f3n de profesionales que responden a las necesidades de la<br>comunidad.<br>Agradeci\u00f3 la presencia del secretario de Administraci\u00f3n de Tamaulipas, Jes\u00fas Lav\u00edn<br>Ver\u00e1stegui; as\u00ed como de la contralora estatal, Norma Ang\u00e9lica Pedraza Melo, y reafirm\u00f3<br>los lazos de colaboraci\u00f3n que existen con el Gobierno del Estado.<br>Acompa\u00f1ado de la presidenta de Familia UAT, Isolda Rend\u00f3n de Anaya, el rector felicit\u00f3 a<br>la comunidad del plantel universitario y dijo que, adem\u00e1s de su fundaci\u00f3n, que data de<br>1967, se celebra la consolidaci\u00f3n de una historia de \u00e9xito, compromiso y constante<br>transformaci\u00f3n.<br>Se\u00f1al\u00f3 que la UAT trabaja para dotar a sus estudiantes de habilidades y actitudes que les<br>permitan enfrentar retos globales con una visi\u00f3n \u00e9tica y de responsabilidad social.<br>En este sentido, sostuvo que la FCAV es un pilar fundamental para el crecimiento de la<br>UAT, y que su oferta acad\u00e9mica refleja un compromiso con la excelencia educativa al<br>contar con todas sus carreras acreditadas por organismos de alto prestigio nacional.<br>Gracias a ello, asegur\u00f3 el rector, la Universidad est\u00e1 formando l\u00edderes que impactar\u00e1n<br>positivamente en nuestra regi\u00f3n y m\u00e1s all\u00e1 de nuestras fronteras.<br>Destac\u00f3 tambi\u00e9n la importancia de que esta instituci\u00f3n cuente con m\u00e1s de 85 por ciento<br>de sus docentes en el Sistema Nacional de Investigadoras e Investigadores (SNII), as\u00ed como<br>la calidad de sus posgrados y el desempe\u00f1o de sus estudiantes en ex\u00e1menes nacionales.<\/p>\n\n\n\n<p>Por su parte, el director de la FCAV, Jes\u00fas Gerardo Delgado Rivas, subray\u00f3 los logros<br>alcanzados, tales como el incremento en la matr\u00edcula de licenciatura y posgrado, as\u00ed como<br>los proyectos de investigaci\u00f3n de alto impacto que actualmente se desarrollan gracias a la<br>vinculaci\u00f3n impulsada por el rector D\u00e1maso Anaya.<br>Como parte del programa, se entregaron reconocimientos a estudiantes que obtuvieron el<br>Premio de Excelencia EGEL; a docentes del Sistema Nacional de Investigadoras e<br>Investigadores y a tesistas triunfadores en los concursos de la Asociaci\u00f3n Nacional de<br>Facultades y Escuelas de Contadur\u00eda y Administraci\u00f3n (ANFECA).<br>Posteriormente, D\u00e1maso Anaya devel\u00f3 una placa por la remodelaci\u00f3n de la cancha<br>deportiva de la FCAV, y convivi\u00f3 con estudiantes de este plantel universitario.<\/p>\n","protected":false},"excerpt":{"rendered":"<p>El rector de la Universidad Aut\u00f3noma de Tamaulipas (UAT), D\u00e1maso Anaya Alvarado,expres\u00f3 su reconocimiento a la Facultad de Comercio y Administraci\u00f3n Victoria (FCAV) porconsolidar 57 a\u00f1os de formar profesionales que han contribuido al desarrollo del estado yla regi\u00f3n.En el acto conmemorativo, el rector refiri\u00f3 que la oferta acad\u00e9mica de la FCAV esreferente en la formaci\u00f3n [&hellip;]<\/p>\n","protected":false},"author":1,"featured_media":3643,"comment_status":"open","ping_status":"open","sticky":false,"template":"","format":"standard","meta":{"footnotes":""},"categories":[4],"tags":[],"class_list":["post-3642","post","type-post","status-publish","format-standard","has-post-thumbnail","hentry","category-universidades"],"blog_post_layout_featured_media_urls":{"thumbnail":["https:\/\/elregionaldigital.info\/wp-content\/uploads\/2024\/10\/foto-1-FCAV-21-10-2024-150x150.jpeg",150,150,true],"full":["https:\/\/elregionaldigital.info\/wp-content\/uploads\/2024\/10\/foto-1-FCAV-21-10-2024.jpeg",1600,1066,false]},"categories_names":{"4":{"name":"Universidades","link":"https:\/\/elregionaldigital.info\/?cat=4"}},"tags_names":[],"comments_number":"0","wpmagazine_modules_lite_featured_media_urls":{"thumbnail":["https:\/\/elregionaldigital.info\/wp-content\/uploads\/2024\/10\/foto-1-FCAV-21-10-2024-150x150.jpeg",150,150,true],"cvmm-medium":["https:\/\/elregionaldigital.info\/wp-content\/uploads\/2024\/10\/foto-1-FCAV-21-10-2024-300x300.jpeg",300,300,true],"cvmm-medium-plus":["https:\/\/elregionaldigital.info\/wp-content\/uploads\/2024\/10\/foto-1-FCAV-21-10-2024-305x207.jpeg",305,207,true],"cvmm-portrait":["https:\/\/elregionaldigital.info\/wp-content\/uploads\/2024\/10\/foto-1-FCAV-21-10-2024-400x600.jpeg",400,600,true],"cvmm-medium-square":["https:\/\/elregionaldigital.info\/wp-content\/uploads\/2024\/10\/foto-1-FCAV-21-10-2024-600x600.jpeg",600,600,true],"cvmm-large":["https:\/\/elregionaldigital.info\/wp-content\/uploads\/2024\/10\/foto-1-FCAV-21-10-2024-1024x1024.jpeg",1024,1024,true],"cvmm-small":["https:\/\/elregionaldigital.info\/wp-content\/uploads\/2024\/10\/foto-1-FCAV-21-10-2024-130x95.jpeg",130,95,true],"full":["https:\/\/elregionaldigital.info\/wp-content\/uploads\/2024\/10\/foto-1-FCAV-21-10-2024.jpeg",1600,1066,false]},"_links":{"self":[{"href":"https:\/\/elregionaldigital.info\/index.php?rest_route=\/wp\/v2\/posts\/3642","targetHints":{"allow":["GET"]}}],"collection":[{"href":"https:\/\/elregionaldigital.info\/index.php?rest_route=\/wp\/v2\/posts"}],"about":[{"href":"https:\/\/elregionaldigital.info\/index.php?rest_route=\/wp\/v2\/types\/post"}],"author":[{"embeddable":true,"href":"https:\/\/elregionaldigital.info\/index.php?rest_route=\/wp\/v2\/users\/1"}],"replies":[{"embeddable":true,"href":"https:\/\/elregionaldigital.info\/index.php?rest_route=%2Fwp%2Fv2%2Fcomments&post=3642"}],"version-history":[{"count":1,"href":"https:\/\/elregionaldigital.info\/index.php?rest_route=\/wp\/v2\/posts\/3642\/revisions"}],"predecessor-version":[{"id":3644,"href":"https:\/\/elregionaldigital.info\/index.php?rest_route=\/wp\/v2\/posts\/3642\/revisions\/3644"}],"wp:featuredmedia":[{"embeddable":true,"href":"https:\/\/elregionaldigital.info\/index.php?rest_route=\/wp\/v2\/media\/3643"}],"wp:attachment":[{"href":"https:\/\/elregionaldigital.info\/index.php?rest_route=%2Fwp%2Fv2%2Fmedia&parent=3642"}],"wp:term":[{"taxonomy":"category","embeddable":true,"href":"https:\/\/elregionaldigital.info\/index.php?rest_route=%2Fwp%2Fv2%2Fcategories&post=3642"},{"taxonomy":"post_tag","embeddable":true,"href":"https:\/\/elregionaldigital.info\/index.php?rest_route=%2Fwp%2Fv2%2Ftags&post=3642"}],"curies":[{"name":"wp","href":"https:\/\/api.w.org\/{rel}","templated":true}]}}