{"id":3633,"date":"2024-10-19T14:22:17","date_gmt":"2024-10-19T14:22:17","guid":{"rendered":"https:\/\/elregionaldigital.info\/?p=3633"},"modified":"2024-10-28T14:22:37","modified_gmt":"2024-10-28T14:22:37","slug":"estudiantes-de-la-uat-producen-cortometraje-sobre-agustin-de-iturbide","status":"publish","type":"post","link":"https:\/\/elregionaldigital.info\/?p=3633","title":{"rendered":"Estudiantes de la UAT producen cortometraje sobre Agust\u00edn de Iturbide"},"content":{"rendered":"\n<p><\/p>\n\n\n\n<p>Un grupo de estudiantes de la Facultad de Derecho y Ciencias Sociales Victoria<br>(FDCSV) de la Universidad Aut\u00f3noma de Tamaulipas (UAT) trabaja en la<br>producci\u00f3n de un cortometraje hist\u00f3rico titulado Iturbide: Mis \u00faltimos d\u00edas, el cual<br>explora la vida del primer emperador mexicano, Agust\u00edn de Iturbide, y sus \u00faltimos<br>d\u00edas antes de ser fusilado en Padilla, Tamaulipas.<br>Este proyecto surge en las aulas de la Universidad como parte de su<br>formaci\u00f3n en la Licenciatura en Ciencias de la Comunicaci\u00f3n, donde los alumnos,<br>supervisados por el Dr. Jair Nissan Bajonero Santill\u00e1n, se unieron para investigar y<br>desarrollar un guion que no solo represente la figura de Iturbide, sino tambi\u00e9n<br>ofrezca una visi\u00f3n m\u00e1s intima de su vida personal.<br>El cortometraje tiene como objetivo difundir la vida, obra y muerte del oficial<br>Iturbide, as\u00ed como generar un inter\u00e9s renovado por la historia local entre la<br>juventud. La producci\u00f3n ha incluido grabaciones en locaciones emblem\u00e1ticas de<br>Tamaulipas, como Padilla y Soto la Marina, y prev\u00e9 otras tomas en la Ciudad de<br>M\u00e9xico, en lugares significativos para la historia de Iturbide.<br>Al respecto, Paola Obreg\u00f3n y Alejandro Nahum, del equipo de guionistas,<br>destacan el respaldo del Instituto de Investigaciones Hist\u00f3ricas de la UAT y de<br>diversas instancias oficiales para acceder a documentos hist\u00f3ricos y entrevistas<br>con reconocidos historiadores.<br>Por su parte, el profesor Jair Bajonero se\u00f1ala que esta iniciativa busca<br>integrar la formaci\u00f3n acad\u00e9mica con la responsabilidad social universitaria,<br>promoviendo un aprendizaje pr\u00e1ctico y enriquecedor para los estudiantes<br>involucrados en este proyecto.<br>Con un equipo de aproximadamente cuarenta estudiantes trabajando en diferentes<br>\u00e1reas, incluyendo producci\u00f3n, log\u00edstica y marketing, el proyecto ser\u00e1 presentado<\/p>\n\n\n\n<p>en noviembre pr\u00f3ximo en un evento oficial, y se plantea tambi\u00e9n su participaci\u00f3n<br>en festivales de cine para ampliar su alcance.<br>Como parte del proyecto, los estudiantes han creado un perfil en las redes<br>sociales, donde comparten actualizaciones, im\u00e1genes y avances para que<br>aquellos interesados puedan seguir de cerca el proceso creativo del cortometraje.<br>Las cuentas pueden encontrarse tanto en Facebook, Instagram y TikTok con el<br>nombre \u201cIturbide: mis \u00faltimos d\u00edas\u201d.<\/p>\n","protected":false},"excerpt":{"rendered":"<p>Un grupo de estudiantes de la Facultad de Derecho y Ciencias Sociales Victoria(FDCSV) de la Universidad Aut\u00f3noma de Tamaulipas (UAT) trabaja en laproducci\u00f3n de un cortometraje hist\u00f3rico titulado Iturbide: Mis \u00faltimos d\u00edas, el cualexplora la vida del primer emperador mexicano, Agust\u00edn de Iturbide, y sus \u00faltimosd\u00edas antes de ser fusilado en Padilla, Tamaulipas.Este proyecto surge [&hellip;]<\/p>\n","protected":false},"author":1,"featured_media":3634,"comment_status":"open","ping_status":"open","sticky":false,"template":"","format":"standard","meta":{"footnotes":""},"categories":[4],"tags":[],"class_list":["post-3633","post","type-post","status-publish","format-standard","has-post-thumbnail","hentry","category-universidades"],"blog_post_layout_featured_media_urls":{"thumbnail":["https:\/\/elregionaldigital.info\/wp-content\/uploads\/2024\/10\/1-14-768x512-1-150x150.jpg",150,150,true],"full":["https:\/\/elregionaldigital.info\/wp-content\/uploads\/2024\/10\/1-14-768x512-1.jpg",768,512,false]},"categories_names":{"4":{"name":"Universidades","link":"https:\/\/elregionaldigital.info\/?cat=4"}},"tags_names":[],"comments_number":"0","wpmagazine_modules_lite_featured_media_urls":{"thumbnail":["https:\/\/elregionaldigital.info\/wp-content\/uploads\/2024\/10\/1-14-768x512-1-150x150.jpg",150,150,true],"cvmm-medium":["https:\/\/elregionaldigital.info\/wp-content\/uploads\/2024\/10\/1-14-768x512-1-300x300.jpg",300,300,true],"cvmm-medium-plus":["https:\/\/elregionaldigital.info\/wp-content\/uploads\/2024\/10\/1-14-768x512-1-305x207.jpg",305,207,true],"cvmm-portrait":["https:\/\/elregionaldigital.info\/wp-content\/uploads\/2024\/10\/1-14-768x512-1-400x512.jpg",400,512,true],"cvmm-medium-square":["https:\/\/elregionaldigital.info\/wp-content\/uploads\/2024\/10\/1-14-768x512-1-600x512.jpg",600,512,true],"cvmm-large":["https:\/\/elregionaldigital.info\/wp-content\/uploads\/2024\/10\/1-14-768x512-1.jpg",768,512,false],"cvmm-small":["https:\/\/elregionaldigital.info\/wp-content\/uploads\/2024\/10\/1-14-768x512-1-130x95.jpg",130,95,true],"full":["https:\/\/elregionaldigital.info\/wp-content\/uploads\/2024\/10\/1-14-768x512-1.jpg",768,512,false]},"_links":{"self":[{"href":"https:\/\/elregionaldigital.info\/index.php?rest_route=\/wp\/v2\/posts\/3633","targetHints":{"allow":["GET"]}}],"collection":[{"href":"https:\/\/elregionaldigital.info\/index.php?rest_route=\/wp\/v2\/posts"}],"about":[{"href":"https:\/\/elregionaldigital.info\/index.php?rest_route=\/wp\/v2\/types\/post"}],"author":[{"embeddable":true,"href":"https:\/\/elregionaldigital.info\/index.php?rest_route=\/wp\/v2\/users\/1"}],"replies":[{"embeddable":true,"href":"https:\/\/elregionaldigital.info\/index.php?rest_route=%2Fwp%2Fv2%2Fcomments&post=3633"}],"version-history":[{"count":1,"href":"https:\/\/elregionaldigital.info\/index.php?rest_route=\/wp\/v2\/posts\/3633\/revisions"}],"predecessor-version":[{"id":3635,"href":"https:\/\/elregionaldigital.info\/index.php?rest_route=\/wp\/v2\/posts\/3633\/revisions\/3635"}],"wp:featuredmedia":[{"embeddable":true,"href":"https:\/\/elregionaldigital.info\/index.php?rest_route=\/wp\/v2\/media\/3634"}],"wp:attachment":[{"href":"https:\/\/elregionaldigital.info\/index.php?rest_route=%2Fwp%2Fv2%2Fmedia&parent=3633"}],"wp:term":[{"taxonomy":"category","embeddable":true,"href":"https:\/\/elregionaldigital.info\/index.php?rest_route=%2Fwp%2Fv2%2Fcategories&post=3633"},{"taxonomy":"post_tag","embeddable":true,"href":"https:\/\/elregionaldigital.info\/index.php?rest_route=%2Fwp%2Fv2%2Ftags&post=3633"}],"curies":[{"name":"wp","href":"https:\/\/api.w.org\/{rel}","templated":true}]}}