{"id":3629,"date":"2024-10-18T14:07:16","date_gmt":"2024-10-18T14:07:16","guid":{"rendered":"https:\/\/elregionaldigital.info\/?p=3629"},"modified":"2024-10-28T14:07:44","modified_gmt":"2024-10-28T14:07:44","slug":"entrega-el-rector-premios-del-sorteo-para-docentes-del-sutauat","status":"publish","type":"post","link":"https:\/\/elregionaldigital.info\/?p=3629","title":{"rendered":"Entrega el rector premios del sorteo para docentes del SUTAUAT"},"content":{"rendered":"\n<p><\/p>\n\n\n\n<p>En cumplimiento de los compromisos establecidos en el contrato colectivo laboral,<br>el rector de la Universidad Aut\u00f3noma de Tamaulipas (UAT), D\u00e1maso Anaya<br>Alvarado, entreg\u00f3 los veh\u00edculos sorteados durante el pasado mes de junio entre el<br>personal docente del Sindicato \u00danico de Trabajadores Acad\u00e9micos (SUTAUAT).<br>La maestra Nelly Adriana Ayala L\u00f3pez, de la Facultad de Derecho y<br>Ciencias Sociales Tampico; el profesor Sergio Rafael Hern\u00e1ndez, de la Facultad<br>de Comercio y Administraci\u00f3n Victoria; y el maestro Miguel Ibarra S\u00e1nchez, de la<br>Unidad Acad\u00e9mica Multidisciplinaria R\u00edo Bravo, son los afortunados ganadores de<br>un autom\u00f3vil Volkswagen Polo Track, del tradicional sorteo que se realiz\u00f3 con<br>motivo del 20 aniversario del sindicato de acad\u00e9micos de la UAT.<br>Al felicitar y entregar a los docentes las llaves y documentos de sus<br>respectivos veh\u00edculos, el rector D\u00e1maso Anaya expres\u00f3 que para la Universidad<br>no solo es importante cumplir los compromisos contractuales con el sindicato de<br>acad\u00e9micos, sino tambi\u00e9n es esencial buscar el bienestar de las familias que<br>dependen de su labor en esta casa de estudios.<br>Asever\u00f3 que es precisamente la parte humanista lo que es esencial trasmitir<br>a la comunidad universitaria y a la sociedad en general.<br>Puntualiz\u00f3 que se han hecho esfuerzos en el plano acad\u00e9mico, social, deportivo y<br>cultural, acciones donde tambi\u00e9n se cuenta con la participaci\u00f3n de los docentes<br>universitarios.<br>Por su parte, el secretario general del SUTAUAT, Luis Gerardo Galv\u00e1n<br>Velazco, agradeci\u00f3 al rector D\u00e1maso Anaya por el cumplimiento de uno de los<br>beneficios enmarcados en el contrato colectivo de trabajo.<br>Asegur\u00f3 que, gracias a la disposici\u00f3n de la administraci\u00f3n central, este<br>a\u00f1o se ver\u00e1n reflejadas m\u00e1s prestaciones a favor de los maestros sindicalizados<br>de la UAT.<\/p>\n\n\n\n<p>Finalmente, reiter\u00f3 el compromiso del gremio docente para seguir<br>trabajando con las autoridades universitarias y hacer cada vez m\u00e1s fuerte a la<br>m\u00e1xima casa de estudios de Tamaulipas.<\/p>\n","protected":false},"excerpt":{"rendered":"<p>En cumplimiento de los compromisos establecidos en el contrato colectivo laboral,el rector de la Universidad Aut\u00f3noma de Tamaulipas (UAT), D\u00e1maso AnayaAlvarado, entreg\u00f3 los veh\u00edculos sorteados durante el pasado mes de junio entre elpersonal docente del Sindicato \u00danico de Trabajadores Acad\u00e9micos (SUTAUAT).La maestra Nelly Adriana Ayala L\u00f3pez, de la Facultad de Derecho yCiencias Sociales Tampico; el [&hellip;]<\/p>\n","protected":false},"author":1,"featured_media":3630,"comment_status":"open","ping_status":"open","sticky":false,"template":"","format":"standard","meta":{"footnotes":""},"categories":[4],"tags":[],"class_list":["post-3629","post","type-post","status-publish","format-standard","has-post-thumbnail","hentry","category-universidades"],"blog_post_layout_featured_media_urls":{"thumbnail":["https:\/\/elregionaldigital.info\/wp-content\/uploads\/2024\/10\/2-1-1024x683-1-150x150.jpg",150,150,true],"full":["https:\/\/elregionaldigital.info\/wp-content\/uploads\/2024\/10\/2-1-1024x683-1.jpg",1024,683,false]},"categories_names":{"4":{"name":"Universidades","link":"https:\/\/elregionaldigital.info\/?cat=4"}},"tags_names":[],"comments_number":"0","wpmagazine_modules_lite_featured_media_urls":{"thumbnail":["https:\/\/elregionaldigital.info\/wp-content\/uploads\/2024\/10\/2-1-1024x683-1-150x150.jpg",150,150,true],"cvmm-medium":["https:\/\/elregionaldigital.info\/wp-content\/uploads\/2024\/10\/2-1-1024x683-1-300x300.jpg",300,300,true],"cvmm-medium-plus":["https:\/\/elregionaldigital.info\/wp-content\/uploads\/2024\/10\/2-1-1024x683-1-305x207.jpg",305,207,true],"cvmm-portrait":["https:\/\/elregionaldigital.info\/wp-content\/uploads\/2024\/10\/2-1-1024x683-1-400x600.jpg",400,600,true],"cvmm-medium-square":["https:\/\/elregionaldigital.info\/wp-content\/uploads\/2024\/10\/2-1-1024x683-1-600x600.jpg",600,600,true],"cvmm-large":["https:\/\/elregionaldigital.info\/wp-content\/uploads\/2024\/10\/2-1-1024x683-1.jpg",1024,683,false],"cvmm-small":["https:\/\/elregionaldigital.info\/wp-content\/uploads\/2024\/10\/2-1-1024x683-1-130x95.jpg",130,95,true],"full":["https:\/\/elregionaldigital.info\/wp-content\/uploads\/2024\/10\/2-1-1024x683-1.jpg",1024,683,false]},"_links":{"self":[{"href":"https:\/\/elregionaldigital.info\/index.php?rest_route=\/wp\/v2\/posts\/3629","targetHints":{"allow":["GET"]}}],"collection":[{"href":"https:\/\/elregionaldigital.info\/index.php?rest_route=\/wp\/v2\/posts"}],"about":[{"href":"https:\/\/elregionaldigital.info\/index.php?rest_route=\/wp\/v2\/types\/post"}],"author":[{"embeddable":true,"href":"https:\/\/elregionaldigital.info\/index.php?rest_route=\/wp\/v2\/users\/1"}],"replies":[{"embeddable":true,"href":"https:\/\/elregionaldigital.info\/index.php?rest_route=%2Fwp%2Fv2%2Fcomments&post=3629"}],"version-history":[{"count":1,"href":"https:\/\/elregionaldigital.info\/index.php?rest_route=\/wp\/v2\/posts\/3629\/revisions"}],"predecessor-version":[{"id":3631,"href":"https:\/\/elregionaldigital.info\/index.php?rest_route=\/wp\/v2\/posts\/3629\/revisions\/3631"}],"wp:featuredmedia":[{"embeddable":true,"href":"https:\/\/elregionaldigital.info\/index.php?rest_route=\/wp\/v2\/media\/3630"}],"wp:attachment":[{"href":"https:\/\/elregionaldigital.info\/index.php?rest_route=%2Fwp%2Fv2%2Fmedia&parent=3629"}],"wp:term":[{"taxonomy":"category","embeddable":true,"href":"https:\/\/elregionaldigital.info\/index.php?rest_route=%2Fwp%2Fv2%2Fcategories&post=3629"},{"taxonomy":"post_tag","embeddable":true,"href":"https:\/\/elregionaldigital.info\/index.php?rest_route=%2Fwp%2Fv2%2Ftags&post=3629"}],"curies":[{"name":"wp","href":"https:\/\/api.w.org\/{rel}","templated":true}]}}