{"id":3612,"date":"2024-10-14T13:46:05","date_gmt":"2024-10-14T13:46:05","guid":{"rendered":"https:\/\/elregionaldigital.info\/?p=3612"},"modified":"2024-10-15T13:46:41","modified_gmt":"2024-10-15T13:46:41","slug":"la-fmvz-uat-celebra-67-anos-de-formar-profesionales-de-excelencia","status":"publish","type":"post","link":"https:\/\/elregionaldigital.info\/?p=3612","title":{"rendered":"La FMVZ UAT celebra 67 a\u00f1os de formar profesionales de excelencia"},"content":{"rendered":"\n<p><\/p>\n\n\n\n<p><br>Al presidir el inicio de las actividades por el 67 aniversario de la Facultad de Medicina<br>Veterinaria y Zootecnia (FMVZ), el rector de la Universidad Aut\u00f3noma de Tamaulipas<br>(UAT), D\u00e1maso Anaya Alvarado, destac\u00f3 que este plantel se consolida como un referente<br>nacional en la formaci\u00f3n de profesionales al servicio de las ciencias veterinarias y la<br>productividad.<br>Tras felicitar a la comunidad universitaria del plantel por celebrar su aniversario, el<br>rector D\u00e1maso Anaya agreg\u00f3 que la Facultad de Veterinaria de la UAT se distingue tambi\u00e9n<br>por ser una de las instituciones pioneras en esta disciplina en el pa\u00eds.<br>Recalc\u00f3 que, desde su fundaci\u00f3n hace 67 a\u00f1os, ha respondido con dedicaci\u00f3n y<br>entrega a las exigencias del entorno regional y nacional, destac\u00e1ndose entre sus logros por<br>ser la \u00fanica escuela en su tipo con un rastro certificado para ganado mayor, y que estar\u00e1<br>equipado con una nueva planta adecuada para la producci\u00f3n de carne de ovinos y caprinos.<br>Coment\u00f3 que sus estudiantes disponen de modernos laboratorios certificados por<br>organismos oficiales, un hospital veterinario para peque\u00f1as especies, y otro hospital que<br>est\u00e1 destinado para grandes especies, entre otras instalaciones que les permiten una<br>formaci\u00f3n integral altamente competitiva.<br>En este marco, D\u00e1maso Anaya dio la bienvenida al presidente del Consejo Nacional<br>de Educaci\u00f3n de la Medicina Veterinaria y Zootecnia, A.C. (CONEVET), Dr. Jos\u00e9 Manuel<br>Silva Ramos, con quien firm\u00f3 un convenio para iniciar los trabajos que permitir\u00e1n asegurar<br>la calidad del programa educativo de Medicina Veterinaria y Zootecnia.<br>Agradeci\u00f3 la presencia del secretario de Desarrollo Rural, Pesca y Acuacultura de<br>Tamaulipas, Antonio Varela Flores, resaltando la importancia de trabajar en sinergia con el<br>Gobierno del Estado para contribuir en el desarrollo de este importante sector productivo.<br>En la ceremonia, el rector puso en marcha el Segundo Congreso Internacional de<br>Ciencias Veterinarias y Producci\u00f3n Animal, un espacio entre la ciencia, la investigaci\u00f3n y<br>la pr\u00e1ctica, que re\u00fane a destacados expertos nacionales e internacionales, quienes<br>compartir\u00e1n su conocimiento y experiencias con los estudiantes de licenciatura y posgrado,<\/p>\n\n\n\n<p>abriendo un di\u00e1logo sobre temas cruciales como la salud animal y la producci\u00f3n sostenible.<br>Por su parte, el director de la Facultad de Medicina Veterinaria y Zootecnia de la<br>UAT, Dr. Flaviano Benavides Gonz\u00e1lez, destac\u00f3 el trabajo que est\u00e1n realizando para<br>asegurar la calidad de los procesos acad\u00e9micos que ser\u00e1n evaluados por el CONEVET,<br>se\u00f1alando que, actualmente, se atiende a una matr\u00edcula de 800 estudiantes, y que, con el<br>apoyo del rector D\u00e1maso Amaya, se abri\u00f3 un nuevo programa de licenciatura, se<br>construyen once nuevas aulas, y se fortalecen los cuatro posgrados acreditados a nivel<br>nacional, adem\u00e1s de la remodelaci\u00f3n y equipamiento del rastro con una planta empacadora<br>de carne de alta calidad.<\/p>\n","protected":false},"excerpt":{"rendered":"<p>Al presidir el inicio de las actividades por el 67 aniversario de la Facultad de MedicinaVeterinaria y Zootecnia (FMVZ), el rector de la Universidad Aut\u00f3noma de Tamaulipas(UAT), D\u00e1maso Anaya Alvarado, destac\u00f3 que este plantel se consolida como un referentenacional en la formaci\u00f3n de profesionales al servicio de las ciencias veterinarias y laproductividad.Tras felicitar a la [&hellip;]<\/p>\n","protected":false},"author":1,"featured_media":3613,"comment_status":"open","ping_status":"open","sticky":false,"template":"","format":"standard","meta":{"footnotes":""},"categories":[4],"tags":[],"class_list":["post-3612","post","type-post","status-publish","format-standard","has-post-thumbnail","hentry","category-universidades"],"blog_post_layout_featured_media_urls":{"thumbnail":["https:\/\/elregionaldigital.info\/wp-content\/uploads\/2024\/10\/4-150x150.jpeg",150,150,true],"full":["https:\/\/elregionaldigital.info\/wp-content\/uploads\/2024\/10\/4.jpeg",1600,1066,false]},"categories_names":{"4":{"name":"Universidades","link":"https:\/\/elregionaldigital.info\/?cat=4"}},"tags_names":[],"comments_number":"0","wpmagazine_modules_lite_featured_media_urls":{"thumbnail":["https:\/\/elregionaldigital.info\/wp-content\/uploads\/2024\/10\/4-150x150.jpeg",150,150,true],"cvmm-medium":["https:\/\/elregionaldigital.info\/wp-content\/uploads\/2024\/10\/4-300x300.jpeg",300,300,true],"cvmm-medium-plus":["https:\/\/elregionaldigital.info\/wp-content\/uploads\/2024\/10\/4-305x207.jpeg",305,207,true],"cvmm-portrait":["https:\/\/elregionaldigital.info\/wp-content\/uploads\/2024\/10\/4-400x600.jpeg",400,600,true],"cvmm-medium-square":["https:\/\/elregionaldigital.info\/wp-content\/uploads\/2024\/10\/4-600x600.jpeg",600,600,true],"cvmm-large":["https:\/\/elregionaldigital.info\/wp-content\/uploads\/2024\/10\/4-1024x1024.jpeg",1024,1024,true],"cvmm-small":["https:\/\/elregionaldigital.info\/wp-content\/uploads\/2024\/10\/4-130x95.jpeg",130,95,true],"full":["https:\/\/elregionaldigital.info\/wp-content\/uploads\/2024\/10\/4.jpeg",1600,1066,false]},"_links":{"self":[{"href":"https:\/\/elregionaldigital.info\/index.php?rest_route=\/wp\/v2\/posts\/3612","targetHints":{"allow":["GET"]}}],"collection":[{"href":"https:\/\/elregionaldigital.info\/index.php?rest_route=\/wp\/v2\/posts"}],"about":[{"href":"https:\/\/elregionaldigital.info\/index.php?rest_route=\/wp\/v2\/types\/post"}],"author":[{"embeddable":true,"href":"https:\/\/elregionaldigital.info\/index.php?rest_route=\/wp\/v2\/users\/1"}],"replies":[{"embeddable":true,"href":"https:\/\/elregionaldigital.info\/index.php?rest_route=%2Fwp%2Fv2%2Fcomments&post=3612"}],"version-history":[{"count":1,"href":"https:\/\/elregionaldigital.info\/index.php?rest_route=\/wp\/v2\/posts\/3612\/revisions"}],"predecessor-version":[{"id":3614,"href":"https:\/\/elregionaldigital.info\/index.php?rest_route=\/wp\/v2\/posts\/3612\/revisions\/3614"}],"wp:featuredmedia":[{"embeddable":true,"href":"https:\/\/elregionaldigital.info\/index.php?rest_route=\/wp\/v2\/media\/3613"}],"wp:attachment":[{"href":"https:\/\/elregionaldigital.info\/index.php?rest_route=%2Fwp%2Fv2%2Fmedia&parent=3612"}],"wp:term":[{"taxonomy":"category","embeddable":true,"href":"https:\/\/elregionaldigital.info\/index.php?rest_route=%2Fwp%2Fv2%2Fcategories&post=3612"},{"taxonomy":"post_tag","embeddable":true,"href":"https:\/\/elregionaldigital.info\/index.php?rest_route=%2Fwp%2Fv2%2Ftags&post=3612"}],"curies":[{"name":"wp","href":"https:\/\/api.w.org\/{rel}","templated":true}]}}