{"id":3608,"date":"2024-10-13T15:34:13","date_gmt":"2024-10-13T15:34:13","guid":{"rendered":"https:\/\/elregionaldigital.info\/?p=3608"},"modified":"2024-10-14T15:34:41","modified_gmt":"2024-10-14T15:34:41","slug":"prepara-la-uat-en-nuevo-laredo-el-congreso-internacional-de-enfermeria","status":"publish","type":"post","link":"https:\/\/elregionaldigital.info\/?p=3608","title":{"rendered":"Prepara la UAT en Nuevo Laredo el Congreso Internacional de Enfermer\u00eda"},"content":{"rendered":"\n<p>\uf0b7 Tiene por objetivo impulsar la formaci\u00f3n de l\u00edderes en innovaci\u00f3n y cuidado<br>integral de la salud de las personas.<br>La Universidad Aut\u00f3noma de Tamaulipas (UAT) reafirma su compromiso con la<br>formaci\u00f3n de l\u00edderes en el cuidado de la salud al organizar el IV Congreso<br>Internacional de Enfermer\u00eda, cuya tem\u00e1tica central es la innovaci\u00f3n en la<br>investigaci\u00f3n, promoci\u00f3n y cuidado de la salud.<br>Este evento, que se llevar\u00e1 a cabo del 4 al 6 de noviembre, es organizado<br>por la Facultad de Enfermer\u00eda Nuevo Laredo (FENL) en el marco del sexag\u00e9simo<br>aniversario de su fundaci\u00f3n, y resalta con ello su trayectoria en la formaci\u00f3n de<br>profesionales altamente capacitados en el \u00e1mbito de la salud en esta regi\u00f3n<br>fronteriza.<br>El programa incluir\u00e1 una variedad de actividades, tales como talleres, foros,<br>conferencias, presentaciones y ponencias, las cuales ser\u00e1n impartidas por<br>destacados ponentes de universidades e institutos de investigaci\u00f3n del pa\u00eds, as\u00ed<br>como del extranjero.<br>Con la creaci\u00f3n de este espacio acad\u00e9mico, la UAT no solo busca<br>enriquecer el conocimiento y experiencia de quienes asistan, sino tambi\u00e9n<br>disponer de un espacio que les permita establecer conexiones valiosas con<br>profesionales del \u00e1rea de la salud, intercambiar ideas y colaborar en futuros<br>proyectos de investigaci\u00f3n y pr\u00e1ctica.<br>Durante las diferentes actividades que comprende el congreso se abordar\u00e1n<br>tem\u00e1ticas en innovaciones en salud y educaci\u00f3n, centr\u00e1ndose en el cuidado<br>integral de las personas, la prevenci\u00f3n de adicciones, el uso de nuevas<br>tecnolog\u00edas y la formaci\u00f3n de l\u00edderes para abordar estos desaf\u00edos de manera<br>efectiva.<\/p>\n\n\n\n<p>Para obtener m\u00e1s informaci\u00f3n, visitar el portal https:\/\/www.congreso-fenl-<br>2024.com\/ o la p\u00e1gina oficial de Facebook de la Facultad de Enfermer\u00eda de Nuevo<br>Laredo.<br>La invitaci\u00f3n est\u00e1 abierta a estudiantes, profesionales en enfermer\u00eda e<br>investigadores de ciencias de la salud que deseen asistir a este importante<br>encuentro acad\u00e9mico que se desarrollar\u00e1 en las instalaciones de la propia<br>Facultad y del Centro Cultural de Nuevo Laredo.<\/p>\n","protected":false},"excerpt":{"rendered":"<p>\uf0b7 Tiene por objetivo impulsar la formaci\u00f3n de l\u00edderes en innovaci\u00f3n y cuidadointegral de la salud de las personas.La Universidad Aut\u00f3noma de Tamaulipas (UAT) reafirma su compromiso con laformaci\u00f3n de l\u00edderes en el cuidado de la salud al organizar el IV CongresoInternacional de Enfermer\u00eda, cuya tem\u00e1tica central es la innovaci\u00f3n en lainvestigaci\u00f3n, promoci\u00f3n y cuidado [&hellip;]<\/p>\n","protected":false},"author":1,"featured_media":3609,"comment_status":"open","ping_status":"open","sticky":false,"template":"","format":"standard","meta":{"footnotes":""},"categories":[4],"tags":[],"class_list":["post-3608","post","type-post","status-publish","format-standard","has-post-thumbnail","hentry","category-universidades"],"blog_post_layout_featured_media_urls":{"thumbnail":["https:\/\/elregionaldigital.info\/wp-content\/uploads\/2024\/10\/1-12-150x150.jpg",150,150,true],"full":["https:\/\/elregionaldigital.info\/wp-content\/uploads\/2024\/10\/1-12-scaled.jpg",2560,1707,false]},"categories_names":{"4":{"name":"Universidades","link":"https:\/\/elregionaldigital.info\/?cat=4"}},"tags_names":[],"comments_number":"0","wpmagazine_modules_lite_featured_media_urls":{"thumbnail":["https:\/\/elregionaldigital.info\/wp-content\/uploads\/2024\/10\/1-12-150x150.jpg",150,150,true],"cvmm-medium":["https:\/\/elregionaldigital.info\/wp-content\/uploads\/2024\/10\/1-12-300x300.jpg",300,300,true],"cvmm-medium-plus":["https:\/\/elregionaldigital.info\/wp-content\/uploads\/2024\/10\/1-12-305x207.jpg",305,207,true],"cvmm-portrait":["https:\/\/elregionaldigital.info\/wp-content\/uploads\/2024\/10\/1-12-400x600.jpg",400,600,true],"cvmm-medium-square":["https:\/\/elregionaldigital.info\/wp-content\/uploads\/2024\/10\/1-12-600x600.jpg",600,600,true],"cvmm-large":["https:\/\/elregionaldigital.info\/wp-content\/uploads\/2024\/10\/1-12-1024x1024.jpg",1024,1024,true],"cvmm-small":["https:\/\/elregionaldigital.info\/wp-content\/uploads\/2024\/10\/1-12-130x95.jpg",130,95,true],"full":["https:\/\/elregionaldigital.info\/wp-content\/uploads\/2024\/10\/1-12-scaled.jpg",2560,1707,false]},"_links":{"self":[{"href":"https:\/\/elregionaldigital.info\/index.php?rest_route=\/wp\/v2\/posts\/3608","targetHints":{"allow":["GET"]}}],"collection":[{"href":"https:\/\/elregionaldigital.info\/index.php?rest_route=\/wp\/v2\/posts"}],"about":[{"href":"https:\/\/elregionaldigital.info\/index.php?rest_route=\/wp\/v2\/types\/post"}],"author":[{"embeddable":true,"href":"https:\/\/elregionaldigital.info\/index.php?rest_route=\/wp\/v2\/users\/1"}],"replies":[{"embeddable":true,"href":"https:\/\/elregionaldigital.info\/index.php?rest_route=%2Fwp%2Fv2%2Fcomments&post=3608"}],"version-history":[{"count":1,"href":"https:\/\/elregionaldigital.info\/index.php?rest_route=\/wp\/v2\/posts\/3608\/revisions"}],"predecessor-version":[{"id":3610,"href":"https:\/\/elregionaldigital.info\/index.php?rest_route=\/wp\/v2\/posts\/3608\/revisions\/3610"}],"wp:featuredmedia":[{"embeddable":true,"href":"https:\/\/elregionaldigital.info\/index.php?rest_route=\/wp\/v2\/media\/3609"}],"wp:attachment":[{"href":"https:\/\/elregionaldigital.info\/index.php?rest_route=%2Fwp%2Fv2%2Fmedia&parent=3608"}],"wp:term":[{"taxonomy":"category","embeddable":true,"href":"https:\/\/elregionaldigital.info\/index.php?rest_route=%2Fwp%2Fv2%2Fcategories&post=3608"},{"taxonomy":"post_tag","embeddable":true,"href":"https:\/\/elregionaldigital.info\/index.php?rest_route=%2Fwp%2Fv2%2Ftags&post=3608"}],"curies":[{"name":"wp","href":"https:\/\/api.w.org\/{rel}","templated":true}]}}