{"id":3592,"date":"2024-10-07T03:43:03","date_gmt":"2024-10-07T03:43:03","guid":{"rendered":"http:\/\/elregionaldigital.info\/?p=3592"},"modified":"2024-10-08T03:43:31","modified_gmt":"2024-10-08T03:43:31","slug":"colabora-la-uat-con-la-seduma-en-el-manejo-y-conservacion-de-la-fauna-silvestre","status":"publish","type":"post","link":"https:\/\/elregionaldigital.info\/?p=3592","title":{"rendered":"Colabora la UAT con la SEDUMA en el manejo y conservaci\u00f3n de la fauna silvestre"},"content":{"rendered":"\n<p>La Universidad Aut\u00f3noma de Tamaulipas (UAT) colaborar\u00e1 con la Secretar\u00eda de Desarrollo<br>Urbano y Medio Ambiente de Tamaulipas (SEDUMA) en el manejo y conservaci\u00f3n de la<br>fauna silvestre, mediante la participaci\u00f3n de sus estudiantes y docentes de la Facultad de<br>Medicina Veterinaria y Zootecnia (FMVZ).<br>Con este prop\u00f3sito, el rector de la UAT, D\u00e1maso Anaya Alvarado, firm\u00f3 un convenio de<br>colaboraci\u00f3n con la titular de la SEDUMA, Arq. Karina Lizeth Sald\u00edvar Lartigue, para que<br>alumnado y profesorado participen, inicialmente, en el cuidado para el bienestar de las<br>especies que tiene a su cargo el Zool\u00f3gico de Tamat\u00e1n de Ciudad Victoria.<br>Tras agradecer la colaboraci\u00f3n de la dependencia estatal para la realizaci\u00f3n del acuerdo,<br>el rector D\u00e1maso Anaya Alvarado dijo que para la UAT es imprescindible la vinculaci\u00f3n con<br>todos los sectores de la sociedad.<br>Subray\u00f3 la importancia de celebrar este convenio con la SEDUMA, espec\u00edficamente con<br>la Comisi\u00f3n de Parques y Biodiversidad, para ofrecer la especializaci\u00f3n acad\u00e9mica de<br>los estudiantes.<br>Puntualiz\u00f3 que la Facultad de Medicina Veterinaria de la UAT es una instituci\u00f3n reconocida<br>a nivel nacional que tambi\u00e9n puede ofrecer sus instalaciones especializadas y los estudios<br>cient\u00edficos que desarrolla en distintas \u00e1reas.<br>Por su parte, la titular de la SEDUMA, Arq. Karina Lizeth Sald\u00edvar Lartigue, asegur\u00f3 que<br>el convenio abrir\u00e1 un espacio para que los estudiantes de Veterinaria puedan trabajar,<br>conocer y especializarse en las especies que tiene a su cargo el Zool\u00f3gico de Tamat\u00e1n, as\u00ed<br>como en otras que existen en la regi\u00f3n.<br>Cabe se\u00f1alar que, con este acuerdo, la UAT fortalece su trabajo en cuanto a manejo y<br>conservaci\u00f3n de la fauna silvestre. Adem\u00e1s, el convenio permitir\u00e1 seguir trabajando en la<\/p>\n\n\n\n<p>sensibilizaci\u00f3n sobre la importancia de distintas especies, y en este rubro se empezar\u00e1<br>educando a los m\u00e9dicos veterinarios.<br>Se busca tambi\u00e9n abordar la medicina veterinaria desde el aspecto biol\u00f3gico ecol\u00f3gico<br>y se trabajar\u00e1 en aspectos de salud, as\u00ed como en las din\u00e1micas de hu\u00e9sped u hospedero<br>pat\u00f3geno.<br>En el evento se cont\u00f3 con la presencia del Dr. Flaviano Benavides Gonz\u00e1lez, director de<br>la FMVZ-UAT, as\u00ed como del Lic. Eduardo Rocha Orozco, vocal ejecutivo de la Comisi\u00f3n de<br>Parques y Biodiversidad; y del MVZ Juan Manuel Guerrero Garza, director del Zool\u00f3gico y<br>Parque Recreativo Tamat\u00e1n.<\/p>\n","protected":false},"excerpt":{"rendered":"<p>La Universidad Aut\u00f3noma de Tamaulipas (UAT) colaborar\u00e1 con la Secretar\u00eda de DesarrolloUrbano y Medio Ambiente de Tamaulipas (SEDUMA) en el manejo y conservaci\u00f3n de lafauna silvestre, mediante la participaci\u00f3n de sus estudiantes y docentes de la Facultad deMedicina Veterinaria y Zootecnia (FMVZ).Con este prop\u00f3sito, el rector de la UAT, D\u00e1maso Anaya Alvarado, firm\u00f3 un convenio [&hellip;]<\/p>\n","protected":false},"author":1,"featured_media":3593,"comment_status":"open","ping_status":"open","sticky":false,"template":"","format":"standard","meta":{"footnotes":""},"categories":[4],"tags":[],"class_list":["post-3592","post","type-post","status-publish","format-standard","has-post-thumbnail","hentry","category-universidades"],"blog_post_layout_featured_media_urls":{"thumbnail":["https:\/\/elregionaldigital.info\/wp-content\/uploads\/2024\/10\/1-150x150.jpg",150,150,true],"full":["https:\/\/elregionaldigital.info\/wp-content\/uploads\/2024\/10\/1.jpg",1152,768,false]},"categories_names":{"4":{"name":"Universidades","link":"https:\/\/elregionaldigital.info\/?cat=4"}},"tags_names":[],"comments_number":"0","wpmagazine_modules_lite_featured_media_urls":{"thumbnail":["https:\/\/elregionaldigital.info\/wp-content\/uploads\/2024\/10\/1-150x150.jpg",150,150,true],"cvmm-medium":["https:\/\/elregionaldigital.info\/wp-content\/uploads\/2024\/10\/1-300x300.jpg",300,300,true],"cvmm-medium-plus":["https:\/\/elregionaldigital.info\/wp-content\/uploads\/2024\/10\/1-305x207.jpg",305,207,true],"cvmm-portrait":["https:\/\/elregionaldigital.info\/wp-content\/uploads\/2024\/10\/1-400x600.jpg",400,600,true],"cvmm-medium-square":["https:\/\/elregionaldigital.info\/wp-content\/uploads\/2024\/10\/1-600x600.jpg",600,600,true],"cvmm-large":["https:\/\/elregionaldigital.info\/wp-content\/uploads\/2024\/10\/1-1024x768.jpg",1024,768,true],"cvmm-small":["https:\/\/elregionaldigital.info\/wp-content\/uploads\/2024\/10\/1-130x95.jpg",130,95,true],"full":["https:\/\/elregionaldigital.info\/wp-content\/uploads\/2024\/10\/1.jpg",1152,768,false]},"_links":{"self":[{"href":"https:\/\/elregionaldigital.info\/index.php?rest_route=\/wp\/v2\/posts\/3592","targetHints":{"allow":["GET"]}}],"collection":[{"href":"https:\/\/elregionaldigital.info\/index.php?rest_route=\/wp\/v2\/posts"}],"about":[{"href":"https:\/\/elregionaldigital.info\/index.php?rest_route=\/wp\/v2\/types\/post"}],"author":[{"embeddable":true,"href":"https:\/\/elregionaldigital.info\/index.php?rest_route=\/wp\/v2\/users\/1"}],"replies":[{"embeddable":true,"href":"https:\/\/elregionaldigital.info\/index.php?rest_route=%2Fwp%2Fv2%2Fcomments&post=3592"}],"version-history":[{"count":1,"href":"https:\/\/elregionaldigital.info\/index.php?rest_route=\/wp\/v2\/posts\/3592\/revisions"}],"predecessor-version":[{"id":3594,"href":"https:\/\/elregionaldigital.info\/index.php?rest_route=\/wp\/v2\/posts\/3592\/revisions\/3594"}],"wp:featuredmedia":[{"embeddable":true,"href":"https:\/\/elregionaldigital.info\/index.php?rest_route=\/wp\/v2\/media\/3593"}],"wp:attachment":[{"href":"https:\/\/elregionaldigital.info\/index.php?rest_route=%2Fwp%2Fv2%2Fmedia&parent=3592"}],"wp:term":[{"taxonomy":"category","embeddable":true,"href":"https:\/\/elregionaldigital.info\/index.php?rest_route=%2Fwp%2Fv2%2Fcategories&post=3592"},{"taxonomy":"post_tag","embeddable":true,"href":"https:\/\/elregionaldigital.info\/index.php?rest_route=%2Fwp%2Fv2%2Ftags&post=3592"}],"curies":[{"name":"wp","href":"https:\/\/api.w.org\/{rel}","templated":true}]}}