{"id":3583,"date":"2024-09-27T05:21:28","date_gmt":"2024-09-27T05:21:28","guid":{"rendered":"http:\/\/elregionaldigital.info\/?p=3583"},"modified":"2024-10-07T05:21:50","modified_gmt":"2024-10-07T05:21:50","slug":"briggitte-se-va-de-la-casa-de-los-famosos","status":"publish","type":"post","link":"https:\/\/elregionaldigital.info\/?p=3583","title":{"rendered":"Briggitte se va de la Casa de los Famosos"},"content":{"rendered":"\n<p>Briggitte Bozzo se convirti\u00f3 en la quinta finalista de La Casa de los Famosos M\u00e9xico, luego de que el p\u00fablico decidiera su salida tras una re\u00f1ida votaci\u00f3n. La actriz abandon\u00f3 la casa despu\u00e9s de 67 d\u00edas de convivencia en el reality show.<\/p>\n\n\n\n<p>Durante la ceremonia, la conductora Galilea Montijo anunci\u00f3 el resultado, destacando el esfuerzo de Briggitte, quien rompi\u00f3 en llanto al escuchar su nombre y recibi\u00f3 aplausos y una porra de sus compa\u00f1eros.<br>La Jefa tambi\u00e9n dedic\u00f3 emotivas palabras a la actriz, resaltando su valent\u00eda y constancia durante el programa: \u201cBriggitte, eres una guerrera, fiel a tus convicciones, nunca tuviste miedo.<br>Nominaci\u00f3n tras nominaci\u00f3n regresaste m\u00e1s fuerte\u201d. Con su salida, los cuatro finalistas restantes siguen en la competencia, mientras los fan\u00e1ticos contin\u00faan atentos a cada movimiento de La Casa de los Famosos donde contin\u00faan Mario, Karime, Arath y Gala.<\/p>\n","protected":false},"excerpt":{"rendered":"<p>Briggitte Bozzo se convirti\u00f3 en la quinta finalista de La Casa de los Famosos M\u00e9xico, luego de que el p\u00fablico decidiera su salida tras una re\u00f1ida votaci\u00f3n. La actriz abandon\u00f3 la casa despu\u00e9s de 67 d\u00edas de convivencia en el reality show. Durante la ceremonia, la conductora Galilea Montijo anunci\u00f3 el resultado, destacando el esfuerzo [&hellip;]<\/p>\n","protected":false},"author":1,"featured_media":3584,"comment_status":"open","ping_status":"open","sticky":false,"template":"","format":"standard","meta":{"footnotes":""},"categories":[3],"tags":[],"class_list":["post-3583","post","type-post","status-publish","format-standard","has-post-thumbnail","hentry","category-entretenimiento"],"blog_post_layout_featured_media_urls":{"thumbnail":["https:\/\/elregionaldigital.info\/wp-content\/uploads\/2024\/10\/AD9C52F1-463A-46F5-94B9-257B49350C02-800x445-1-150x150.jpeg",150,150,true],"full":["https:\/\/elregionaldigital.info\/wp-content\/uploads\/2024\/10\/AD9C52F1-463A-46F5-94B9-257B49350C02-800x445-1.jpeg",800,445,false]},"categories_names":{"3":{"name":"Entretenimiento","link":"https:\/\/elregionaldigital.info\/?cat=3"}},"tags_names":[],"comments_number":"0","wpmagazine_modules_lite_featured_media_urls":{"thumbnail":["https:\/\/elregionaldigital.info\/wp-content\/uploads\/2024\/10\/AD9C52F1-463A-46F5-94B9-257B49350C02-800x445-1-150x150.jpeg",150,150,true],"cvmm-medium":["https:\/\/elregionaldigital.info\/wp-content\/uploads\/2024\/10\/AD9C52F1-463A-46F5-94B9-257B49350C02-800x445-1-300x300.jpeg",300,300,true],"cvmm-medium-plus":["https:\/\/elregionaldigital.info\/wp-content\/uploads\/2024\/10\/AD9C52F1-463A-46F5-94B9-257B49350C02-800x445-1-305x207.jpeg",305,207,true],"cvmm-portrait":["https:\/\/elregionaldigital.info\/wp-content\/uploads\/2024\/10\/AD9C52F1-463A-46F5-94B9-257B49350C02-800x445-1-400x445.jpeg",400,445,true],"cvmm-medium-square":["https:\/\/elregionaldigital.info\/wp-content\/uploads\/2024\/10\/AD9C52F1-463A-46F5-94B9-257B49350C02-800x445-1-600x445.jpeg",600,445,true],"cvmm-large":["https:\/\/elregionaldigital.info\/wp-content\/uploads\/2024\/10\/AD9C52F1-463A-46F5-94B9-257B49350C02-800x445-1.jpeg",800,445,false],"cvmm-small":["https:\/\/elregionaldigital.info\/wp-content\/uploads\/2024\/10\/AD9C52F1-463A-46F5-94B9-257B49350C02-800x445-1-130x95.jpeg",130,95,true],"full":["https:\/\/elregionaldigital.info\/wp-content\/uploads\/2024\/10\/AD9C52F1-463A-46F5-94B9-257B49350C02-800x445-1.jpeg",800,445,false]},"_links":{"self":[{"href":"https:\/\/elregionaldigital.info\/index.php?rest_route=\/wp\/v2\/posts\/3583","targetHints":{"allow":["GET"]}}],"collection":[{"href":"https:\/\/elregionaldigital.info\/index.php?rest_route=\/wp\/v2\/posts"}],"about":[{"href":"https:\/\/elregionaldigital.info\/index.php?rest_route=\/wp\/v2\/types\/post"}],"author":[{"embeddable":true,"href":"https:\/\/elregionaldigital.info\/index.php?rest_route=\/wp\/v2\/users\/1"}],"replies":[{"embeddable":true,"href":"https:\/\/elregionaldigital.info\/index.php?rest_route=%2Fwp%2Fv2%2Fcomments&post=3583"}],"version-history":[{"count":1,"href":"https:\/\/elregionaldigital.info\/index.php?rest_route=\/wp\/v2\/posts\/3583\/revisions"}],"predecessor-version":[{"id":3585,"href":"https:\/\/elregionaldigital.info\/index.php?rest_route=\/wp\/v2\/posts\/3583\/revisions\/3585"}],"wp:featuredmedia":[{"embeddable":true,"href":"https:\/\/elregionaldigital.info\/index.php?rest_route=\/wp\/v2\/media\/3584"}],"wp:attachment":[{"href":"https:\/\/elregionaldigital.info\/index.php?rest_route=%2Fwp%2Fv2%2Fmedia&parent=3583"}],"wp:term":[{"taxonomy":"category","embeddable":true,"href":"https:\/\/elregionaldigital.info\/index.php?rest_route=%2Fwp%2Fv2%2Fcategories&post=3583"},{"taxonomy":"post_tag","embeddable":true,"href":"https:\/\/elregionaldigital.info\/index.php?rest_route=%2Fwp%2Fv2%2Ftags&post=3583"}],"curies":[{"name":"wp","href":"https:\/\/api.w.org\/{rel}","templated":true}]}}