{"id":3577,"date":"2024-09-30T05:16:11","date_gmt":"2024-09-30T05:16:11","guid":{"rendered":"http:\/\/elregionaldigital.info\/?p=3577"},"modified":"2024-10-07T05:16:36","modified_gmt":"2024-10-07T05:16:36","slug":"asume-veronica-aguirre-alcaldia-de-san-fernando-para-el-periodo-2024-2027","status":"publish","type":"post","link":"https:\/\/elregionaldigital.info\/?p=3577","title":{"rendered":"Asume Ver\u00f3nica Aguirre alcald\u00eda de San Fernando para el periodo 2024-2027"},"content":{"rendered":"\n<p><a href=\"https:\/\/laverdad.com.mx\/wp-content\/uploads\/2024\/09\/29vero1.jpeg\"><\/a><\/p>\n\n\n\n<p>San Fernando, Tam. En ceremonia solemne celebrada en el auditorio Ram\u00f3n Ayala, este domingo, Ver\u00f3nica Aguirre De los Santos rindi\u00f3 protesta junto a su cabildo, como alcaldesa de San Fernando por el per\u00edodo 2024-2027.<\/p>\n\n\n\n<p>Lo anterior ante la ciudadan\u00eda, funcionarios, ex presidentes municipales y representantes del gobierno estatal y federal. Este protocolo estuvo a cargo de Vicente Joel Navarro Hern\u00e1ndez, secretario de Salud, en representaci\u00f3n del gobernador del Estado, Am\u00e9rico Villarreal Anaya.<\/p>\n\n\n\n<p>Al rendir protesta como nueva alcaldesa de San Fernando, Ver\u00f3nica Aguirre agradeci\u00f3 el apoyo brindado por la ciudadan\u00eda, reconociendo al mismo tiempo el valor de los sanfernandenses por optar por este cambio en un gobierno donde el pueblo tome las decisiones.<\/p>\n\n\n\n<p>\u201cQuiero encabezar un gobierno justo donde el pueblo sea el que mande y libre de las ambiciones del pasado\u201d, dijo la nueva alcaldesa.<\/p>\n\n\n\n<p>Se comprometi\u00f3 a cumplir con los compromisos asumidos con la gente y festej\u00f3 que el arribo del gobierno de la Cuarta Transformaci\u00f3n en San Fernando traer\u00e1 un cambio que se refleje en el progreso de los sanfernandenses.<\/p>\n\n\n\n<p>A la ceremonia acudieron funcionarios estatales y federales, diputados, ex diputados y expresidentes municipales, entre estos Roaalinda Banda, Mario de la Garza, Eduardo Garc\u00eda Villal\u00f3n, Juan Galv\u00e1n, Marina Ram\u00edrez y Casandra de los Santos, ente otros.<\/p>\n\n\n\n<p>Esta ceremonia marca el comienzo de la administraci\u00f3n 2024-2027, que arrancar\u00e1 actividades el pr\u00f3ximo martes 1 de octubre.<\/p>\n","protected":false},"excerpt":{"rendered":"<p>San Fernando, Tam. En ceremonia solemne celebrada en el auditorio Ram\u00f3n Ayala, este domingo, Ver\u00f3nica Aguirre De los Santos rindi\u00f3 protesta junto a su cabildo, como alcaldesa de San Fernando por el per\u00edodo 2024-2027. Lo anterior ante la ciudadan\u00eda, funcionarios, ex presidentes municipales y representantes del gobierno estatal y federal. Este protocolo estuvo a cargo [&hellip;]<\/p>\n","protected":false},"author":1,"featured_media":3578,"comment_status":"open","ping_status":"open","sticky":false,"template":"","format":"standard","meta":{"footnotes":""},"categories":[2],"tags":[],"class_list":["post-3577","post","type-post","status-publish","format-standard","has-post-thumbnail","hentry","category-tamaulipas"],"blog_post_layout_featured_media_urls":{"thumbnail":["https:\/\/elregionaldigital.info\/wp-content\/uploads\/2024\/10\/29vero1-150x150.jpeg",150,150,true],"full":["https:\/\/elregionaldigital.info\/wp-content\/uploads\/2024\/10\/29vero1.jpeg",687,510,false]},"categories_names":{"2":{"name":"Tamaulipas","link":"https:\/\/elregionaldigital.info\/?cat=2"}},"tags_names":[],"comments_number":"0","wpmagazine_modules_lite_featured_media_urls":{"thumbnail":["https:\/\/elregionaldigital.info\/wp-content\/uploads\/2024\/10\/29vero1-150x150.jpeg",150,150,true],"cvmm-medium":["https:\/\/elregionaldigital.info\/wp-content\/uploads\/2024\/10\/29vero1-300x300.jpeg",300,300,true],"cvmm-medium-plus":["https:\/\/elregionaldigital.info\/wp-content\/uploads\/2024\/10\/29vero1-305x207.jpeg",305,207,true],"cvmm-portrait":["https:\/\/elregionaldigital.info\/wp-content\/uploads\/2024\/10\/29vero1-400x510.jpeg",400,510,true],"cvmm-medium-square":["https:\/\/elregionaldigital.info\/wp-content\/uploads\/2024\/10\/29vero1-600x510.jpeg",600,510,true],"cvmm-large":["https:\/\/elregionaldigital.info\/wp-content\/uploads\/2024\/10\/29vero1.jpeg",687,510,false],"cvmm-small":["https:\/\/elregionaldigital.info\/wp-content\/uploads\/2024\/10\/29vero1-130x95.jpeg",130,95,true],"full":["https:\/\/elregionaldigital.info\/wp-content\/uploads\/2024\/10\/29vero1.jpeg",687,510,false]},"_links":{"self":[{"href":"https:\/\/elregionaldigital.info\/index.php?rest_route=\/wp\/v2\/posts\/3577","targetHints":{"allow":["GET"]}}],"collection":[{"href":"https:\/\/elregionaldigital.info\/index.php?rest_route=\/wp\/v2\/posts"}],"about":[{"href":"https:\/\/elregionaldigital.info\/index.php?rest_route=\/wp\/v2\/types\/post"}],"author":[{"embeddable":true,"href":"https:\/\/elregionaldigital.info\/index.php?rest_route=\/wp\/v2\/users\/1"}],"replies":[{"embeddable":true,"href":"https:\/\/elregionaldigital.info\/index.php?rest_route=%2Fwp%2Fv2%2Fcomments&post=3577"}],"version-history":[{"count":1,"href":"https:\/\/elregionaldigital.info\/index.php?rest_route=\/wp\/v2\/posts\/3577\/revisions"}],"predecessor-version":[{"id":3579,"href":"https:\/\/elregionaldigital.info\/index.php?rest_route=\/wp\/v2\/posts\/3577\/revisions\/3579"}],"wp:featuredmedia":[{"embeddable":true,"href":"https:\/\/elregionaldigital.info\/index.php?rest_route=\/wp\/v2\/media\/3578"}],"wp:attachment":[{"href":"https:\/\/elregionaldigital.info\/index.php?rest_route=%2Fwp%2Fv2%2Fmedia&parent=3577"}],"wp:term":[{"taxonomy":"category","embeddable":true,"href":"https:\/\/elregionaldigital.info\/index.php?rest_route=%2Fwp%2Fv2%2Fcategories&post=3577"},{"taxonomy":"post_tag","embeddable":true,"href":"https:\/\/elregionaldigital.info\/index.php?rest_route=%2Fwp%2Fv2%2Ftags&post=3577"}],"curies":[{"name":"wp","href":"https:\/\/api.w.org\/{rel}","templated":true}]}}