{"id":3571,"date":"2024-09-21T05:14:05","date_gmt":"2024-09-21T05:14:05","guid":{"rendered":"http:\/\/elregionaldigital.info\/?p=3571"},"modified":"2024-10-07T05:14:36","modified_gmt":"2024-10-07T05:14:36","slug":"participa-secretario-de-recursos-hidraulicos-en-reunion-sobre-proyectos-estrategicos-en-tamaulipas","status":"publish","type":"post","link":"https:\/\/elregionaldigital.info\/?p=3571","title":{"rendered":"Participa secretario de Recursos Hidr\u00e1ulicos en reuni\u00f3n sobre Proyectos Estrat\u00e9gicos en Tamaulipas"},"content":{"rendered":"\n<p><a href=\"https:\/\/laverdad.com.mx\/wp-content\/uploads\/2024\/09\/20hidro.jpeg\"><\/a><\/p>\n\n\n\n<p><\/p>\n\n\n\n<p>Como parte de las acciones para seguir transformando el sector h\u00eddrico y energ\u00e9tico de Tamaulipas, el secretario de Recursos Hidr\u00e1ulicos en Tamaulipas, Ra\u00fal Quiroga \u00c1lvarez, junto al secretario de Energ\u00eda, Jos\u00e9 Ram\u00f3n Silva, y al presidente del cl\u00faster CEGISTAM, C\u00e9sar Reyes Ram\u00edrez de Alba, particip\u00f3 en una reuni\u00f3n donde se presentaron proyectos prioritarios para el estado.<\/p>\n\n\n\n<p>Quiroga \u00c1lvarez present\u00f3 los avances de los proyectos estrat\u00e9gicos para lograr un sector h\u00eddrico m\u00e1s fuerte y eficiente. Entre estos se encuentran el dique \u201cEl Moralillo\u201d, PHLIGON Tamaulipeco, la segunda l\u00ednea del acueducto Guadalupe Victoria, la rehabilitaci\u00f3n y tecnificaci\u00f3n de los distritos y unidades de riego, as\u00ed como la rehabilitaci\u00f3n de la infraestructura hidr\u00e1ulica de agua potable y drenaje de los organismos operadores, siendo estos \u00faltimos dos los proyectos prioritarios para la administraci\u00f3n federal entrante.<\/p>\n\n\n\n<p>Asever\u00f3 que Tamaulipas es parte de la \u00fanica regi\u00f3n hidrol\u00f3gico-administrativa en el centro y norte del pa\u00eds que cuenta con agua para la instalaci\u00f3n de nuevas empresas industriales, lo que representa una gran ventaja competitiva que impulsar\u00e1 el desarrollo econ\u00f3mico y social de forma sustentable a largo plazo en el estado.<\/p>\n","protected":false},"excerpt":{"rendered":"<p>Como parte de las acciones para seguir transformando el sector h\u00eddrico y energ\u00e9tico de Tamaulipas, el secretario de Recursos Hidr\u00e1ulicos en Tamaulipas, Ra\u00fal Quiroga \u00c1lvarez, junto al secretario de Energ\u00eda, Jos\u00e9 Ram\u00f3n Silva, y al presidente del cl\u00faster CEGISTAM, C\u00e9sar Reyes Ram\u00edrez de Alba, particip\u00f3 en una reuni\u00f3n donde se presentaron proyectos prioritarios para el [&hellip;]<\/p>\n","protected":false},"author":1,"featured_media":3572,"comment_status":"open","ping_status":"open","sticky":false,"template":"","format":"standard","meta":{"footnotes":""},"categories":[2],"tags":[],"class_list":["post-3571","post","type-post","status-publish","format-standard","has-post-thumbnail","hentry","category-tamaulipas"],"blog_post_layout_featured_media_urls":{"thumbnail":["https:\/\/elregionaldigital.info\/wp-content\/uploads\/2024\/10\/20hidro-750x498-1-150x150.jpeg",150,150,true],"full":["https:\/\/elregionaldigital.info\/wp-content\/uploads\/2024\/10\/20hidro-750x498-1.jpeg",750,498,false]},"categories_names":{"2":{"name":"Tamaulipas","link":"https:\/\/elregionaldigital.info\/?cat=2"}},"tags_names":[],"comments_number":"0","wpmagazine_modules_lite_featured_media_urls":{"thumbnail":["https:\/\/elregionaldigital.info\/wp-content\/uploads\/2024\/10\/20hidro-750x498-1-150x150.jpeg",150,150,true],"cvmm-medium":["https:\/\/elregionaldigital.info\/wp-content\/uploads\/2024\/10\/20hidro-750x498-1-300x300.jpeg",300,300,true],"cvmm-medium-plus":["https:\/\/elregionaldigital.info\/wp-content\/uploads\/2024\/10\/20hidro-750x498-1-305x207.jpeg",305,207,true],"cvmm-portrait":["https:\/\/elregionaldigital.info\/wp-content\/uploads\/2024\/10\/20hidro-750x498-1-400x498.jpeg",400,498,true],"cvmm-medium-square":["https:\/\/elregionaldigital.info\/wp-content\/uploads\/2024\/10\/20hidro-750x498-1-600x498.jpeg",600,498,true],"cvmm-large":["https:\/\/elregionaldigital.info\/wp-content\/uploads\/2024\/10\/20hidro-750x498-1.jpeg",750,498,false],"cvmm-small":["https:\/\/elregionaldigital.info\/wp-content\/uploads\/2024\/10\/20hidro-750x498-1-130x95.jpeg",130,95,true],"full":["https:\/\/elregionaldigital.info\/wp-content\/uploads\/2024\/10\/20hidro-750x498-1.jpeg",750,498,false]},"_links":{"self":[{"href":"https:\/\/elregionaldigital.info\/index.php?rest_route=\/wp\/v2\/posts\/3571","targetHints":{"allow":["GET"]}}],"collection":[{"href":"https:\/\/elregionaldigital.info\/index.php?rest_route=\/wp\/v2\/posts"}],"about":[{"href":"https:\/\/elregionaldigital.info\/index.php?rest_route=\/wp\/v2\/types\/post"}],"author":[{"embeddable":true,"href":"https:\/\/elregionaldigital.info\/index.php?rest_route=\/wp\/v2\/users\/1"}],"replies":[{"embeddable":true,"href":"https:\/\/elregionaldigital.info\/index.php?rest_route=%2Fwp%2Fv2%2Fcomments&post=3571"}],"version-history":[{"count":1,"href":"https:\/\/elregionaldigital.info\/index.php?rest_route=\/wp\/v2\/posts\/3571\/revisions"}],"predecessor-version":[{"id":3573,"href":"https:\/\/elregionaldigital.info\/index.php?rest_route=\/wp\/v2\/posts\/3571\/revisions\/3573"}],"wp:featuredmedia":[{"embeddable":true,"href":"https:\/\/elregionaldigital.info\/index.php?rest_route=\/wp\/v2\/media\/3572"}],"wp:attachment":[{"href":"https:\/\/elregionaldigital.info\/index.php?rest_route=%2Fwp%2Fv2%2Fmedia&parent=3571"}],"wp:term":[{"taxonomy":"category","embeddable":true,"href":"https:\/\/elregionaldigital.info\/index.php?rest_route=%2Fwp%2Fv2%2Fcategories&post=3571"},{"taxonomy":"post_tag","embeddable":true,"href":"https:\/\/elregionaldigital.info\/index.php?rest_route=%2Fwp%2Fv2%2Ftags&post=3571"}],"curies":[{"name":"wp","href":"https:\/\/api.w.org\/{rel}","templated":true}]}}