{"id":3565,"date":"2024-09-20T05:08:39","date_gmt":"2024-09-20T05:08:39","guid":{"rendered":"http:\/\/elregionaldigital.info\/?p=3565"},"modified":"2024-10-07T05:09:22","modified_gmt":"2024-10-07T05:09:22","slug":"alzheimer-podria-afectar-a-casi-el-8-por-ciento-de-los-mexicanos","status":"publish","type":"post","link":"https:\/\/elregionaldigital.info\/?p=3565","title":{"rendered":"Alzheimer podr\u00eda afectar a casi el 8 por ciento de los mexicanos"},"content":{"rendered":"\n<p><a href=\"https:\/\/laverdad.com.mx\/wp-content\/uploads\/2024\/09\/20rosa.jpg\"><\/a><\/p>\n\n\n\n<p>Rosa Mar\u00eda Farr\u00e9s Gonz\u00e1lez Sarabia , presidenta de la Asociaci\u00f3n Mexicana de Alzheimer y Enfermedades Similares, (AMAES) se\u00f1al\u00f3 que la enfermedad de su madre, la llev\u00f3 a trabajar desde hace m\u00e1s de 25 a\u00f1os en esta agrupaci\u00f3n.<\/p>\n\n\n\n<p>De acuerdo al Estudio sobre Envejecimiento y Demencia en M\u00e9xico (SADEM), la prevalencia estimada global de alzheimer entre la poblaci\u00f3n mexicana es de 7.8%.<\/p>\n\n\n\n<p>No obstante, las cifras oficiales de la Secretar\u00eda de Salud se\u00f1alan que apenas se tienen contabilizadas alrededor de 1. 3 millones de personas que viven con esta enfermedad cr\u00f3nica-degenerativa, la cual afecta m\u00e1s a las mujeres.<\/p>\n\n\n\n<p>Y define al Alzheimer como un padecimiento que se debe a cambios en el cerebro por la presencia de la prote\u00edna llamada beta amiloide que se acumula frecuentemente en el l\u00f3bulo temporal. Dicha toxina provoca inflamaci\u00f3n y muerte progresiva de neuronas, expuso la dependencia.<\/p>\n\n\n\n<p>Lo anterior, trae como resultado p\u00e9rdida de memoria, p\u00e9rdida de las habilidades de lenguaje, alteraciones del pensamiento abstracto, desorientaci\u00f3n en lugar, tiempo y cambios en la conducta y personalidad.<\/p>\n\n\n\n<p>En su p\u00e1gina el Instituto Nacional de Salud P\u00fablica ( INSP) expone que existen m\u00faltiples factores de riesgo para la enfermedad de Alzheimer, pero la edad avanzada es uno de los principales, ya que se estima que la incidencia se incrementa 0.7% por a\u00f1o despu\u00e9s de los 60 a\u00f1os y 9% despu\u00e9s de los 80 a\u00f1os de edad.<\/p>\n\n\n\n<p>Adem\u00e1s, la afectaci\u00f3n de familiares de primer grado aumenta 4 veces el riesgo con respecto a quienes no tienen descendencia directa con este padecimiento.<\/p>\n\n\n\n<p><\/p>\n","protected":false},"excerpt":{"rendered":"<p>Rosa Mar\u00eda Farr\u00e9s Gonz\u00e1lez Sarabia , presidenta de la Asociaci\u00f3n Mexicana de Alzheimer y Enfermedades Similares, (AMAES) se\u00f1al\u00f3 que la enfermedad de su madre, la llev\u00f3 a trabajar desde hace m\u00e1s de 25 a\u00f1os en esta agrupaci\u00f3n. De acuerdo al Estudio sobre Envejecimiento y Demencia en M\u00e9xico (SADEM), la prevalencia estimada global de alzheimer entre [&hellip;]<\/p>\n","protected":false},"author":1,"featured_media":3566,"comment_status":"open","ping_status":"open","sticky":false,"template":"","format":"standard","meta":{"footnotes":""},"categories":[5],"tags":[],"class_list":["post-3565","post","type-post","status-publish","format-standard","has-post-thumbnail","hentry","category-nacional"],"blog_post_layout_featured_media_urls":{"thumbnail":["https:\/\/elregionaldigital.info\/wp-content\/uploads\/2024\/10\/20rosa-150x150.jpg",150,150,true],"full":["https:\/\/elregionaldigital.info\/wp-content\/uploads\/2024\/10\/20rosa.jpg",540,838,false]},"categories_names":{"5":{"name":"Nacional","link":"https:\/\/elregionaldigital.info\/?cat=5"}},"tags_names":[],"comments_number":"0","wpmagazine_modules_lite_featured_media_urls":{"thumbnail":["https:\/\/elregionaldigital.info\/wp-content\/uploads\/2024\/10\/20rosa-150x150.jpg",150,150,true],"cvmm-medium":["https:\/\/elregionaldigital.info\/wp-content\/uploads\/2024\/10\/20rosa-300x300.jpg",300,300,true],"cvmm-medium-plus":["https:\/\/elregionaldigital.info\/wp-content\/uploads\/2024\/10\/20rosa-305x207.jpg",305,207,true],"cvmm-portrait":["https:\/\/elregionaldigital.info\/wp-content\/uploads\/2024\/10\/20rosa-400x600.jpg",400,600,true],"cvmm-medium-square":["https:\/\/elregionaldigital.info\/wp-content\/uploads\/2024\/10\/20rosa-540x600.jpg",540,600,true],"cvmm-large":["https:\/\/elregionaldigital.info\/wp-content\/uploads\/2024\/10\/20rosa.jpg",540,838,false],"cvmm-small":["https:\/\/elregionaldigital.info\/wp-content\/uploads\/2024\/10\/20rosa-130x95.jpg",130,95,true],"full":["https:\/\/elregionaldigital.info\/wp-content\/uploads\/2024\/10\/20rosa.jpg",540,838,false]},"_links":{"self":[{"href":"https:\/\/elregionaldigital.info\/index.php?rest_route=\/wp\/v2\/posts\/3565","targetHints":{"allow":["GET"]}}],"collection":[{"href":"https:\/\/elregionaldigital.info\/index.php?rest_route=\/wp\/v2\/posts"}],"about":[{"href":"https:\/\/elregionaldigital.info\/index.php?rest_route=\/wp\/v2\/types\/post"}],"author":[{"embeddable":true,"href":"https:\/\/elregionaldigital.info\/index.php?rest_route=\/wp\/v2\/users\/1"}],"replies":[{"embeddable":true,"href":"https:\/\/elregionaldigital.info\/index.php?rest_route=%2Fwp%2Fv2%2Fcomments&post=3565"}],"version-history":[{"count":1,"href":"https:\/\/elregionaldigital.info\/index.php?rest_route=\/wp\/v2\/posts\/3565\/revisions"}],"predecessor-version":[{"id":3567,"href":"https:\/\/elregionaldigital.info\/index.php?rest_route=\/wp\/v2\/posts\/3565\/revisions\/3567"}],"wp:featuredmedia":[{"embeddable":true,"href":"https:\/\/elregionaldigital.info\/index.php?rest_route=\/wp\/v2\/media\/3566"}],"wp:attachment":[{"href":"https:\/\/elregionaldigital.info\/index.php?rest_route=%2Fwp%2Fv2%2Fmedia&parent=3565"}],"wp:term":[{"taxonomy":"category","embeddable":true,"href":"https:\/\/elregionaldigital.info\/index.php?rest_route=%2Fwp%2Fv2%2Fcategories&post=3565"},{"taxonomy":"post_tag","embeddable":true,"href":"https:\/\/elregionaldigital.info\/index.php?rest_route=%2Fwp%2Fv2%2Ftags&post=3565"}],"curies":[{"name":"wp","href":"https:\/\/api.w.org\/{rel}","templated":true}]}}