{"id":3562,"date":"2024-09-25T05:07:32","date_gmt":"2024-09-25T05:07:32","guid":{"rendered":"http:\/\/elregionaldigital.info\/?p=3562"},"modified":"2024-10-07T05:07:58","modified_gmt":"2024-10-07T05:07:58","slug":"desfogue-de-laguna-y-presa-para-prevenir-tragedias-en-acapulco","status":"publish","type":"post","link":"https:\/\/elregionaldigital.info\/?p=3562","title":{"rendered":"Desfogue de laguna y presa para prevenir tragedias en Acapulco"},"content":{"rendered":"\n<p><a href=\"https:\/\/laverdad.com.mx\/wp-content\/uploads\/2024\/09\/publcicso.jpg\"><\/a><\/p>\n\n\n\n<p>Protecci\u00f3n Civil y personal del Ayuntamiento de Acapulco realizaron el desfogue de la laguna Barra Vieja y la presa Ambrosio Figueroa conocida como La Venta, para evitar tragedias como las ocurridas cuando han impactado tormentas en el puerto.<\/p>\n\n\n\n<h3 class=\"wp-block-heading\">Impacto del hurac\u00e1n \u201cJohn\u201d y afectaciones en Acapulco<\/h3>\n\n\n\n<p>Estas aperturas son para reducir la acumulaci\u00f3n de agua que cay\u00f3 en las \u00faltimas 48 horas por las lluvias que gener\u00f3 el hurac\u00e1n \u201cJohn\u201d, que ahora est\u00e1 convertido en tormenta tropical. Protecci\u00f3n Civil del estado de Guerrero inform\u00f3 que en Acapulco se tiene el reporte de encharcamientos en calles y avenidas, tres derrumbes, ca\u00edda de seis \u00e1rboles y cuatro postes de la Comisi\u00f3n Federal de Electricidad y cuatro embarcaciones hundidas.<\/p>\n\n\n\n<h3 class=\"wp-block-heading\">P\u00e9rdidas econ\u00f3micas y cancelaciones por las lluvias<\/h3>\n\n\n\n<p>Alejandro Mart\u00ednez Sidney, presidente de la C\u00e1mara Nacional de Comercio y Servicios Tur\u00edsticos (Canaco-Servitur), asegur\u00f3 que las p\u00e9rdidas econ\u00f3micas suman m\u00e1s de 5 mil millones de pesos por el cierre de negocios que han provocado las lluvias.<\/p>\n","protected":false},"excerpt":{"rendered":"<p>Protecci\u00f3n Civil y personal del Ayuntamiento de Acapulco realizaron el desfogue de la laguna Barra Vieja y la presa Ambrosio Figueroa conocida como La Venta, para evitar tragedias como las ocurridas cuando han impactado tormentas en el puerto. Impacto del hurac\u00e1n \u201cJohn\u201d y afectaciones en Acapulco Estas aperturas son para reducir la acumulaci\u00f3n de agua [&hellip;]<\/p>\n","protected":false},"author":1,"featured_media":3563,"comment_status":"open","ping_status":"open","sticky":false,"template":"","format":"standard","meta":{"footnotes":""},"categories":[5],"tags":[],"class_list":["post-3562","post","type-post","status-publish","format-standard","has-post-thumbnail","hentry","category-nacional"],"blog_post_layout_featured_media_urls":{"thumbnail":["https:\/\/elregionaldigital.info\/wp-content\/uploads\/2024\/10\/publcicso-750x450-1-150x150.jpg",150,150,true],"full":["https:\/\/elregionaldigital.info\/wp-content\/uploads\/2024\/10\/publcicso-750x450-1.jpg",750,450,false]},"categories_names":{"5":{"name":"Nacional","link":"https:\/\/elregionaldigital.info\/?cat=5"}},"tags_names":[],"comments_number":"0","wpmagazine_modules_lite_featured_media_urls":{"thumbnail":["https:\/\/elregionaldigital.info\/wp-content\/uploads\/2024\/10\/publcicso-750x450-1-150x150.jpg",150,150,true],"cvmm-medium":["https:\/\/elregionaldigital.info\/wp-content\/uploads\/2024\/10\/publcicso-750x450-1-300x300.jpg",300,300,true],"cvmm-medium-plus":["https:\/\/elregionaldigital.info\/wp-content\/uploads\/2024\/10\/publcicso-750x450-1-305x207.jpg",305,207,true],"cvmm-portrait":["https:\/\/elregionaldigital.info\/wp-content\/uploads\/2024\/10\/publcicso-750x450-1-400x450.jpg",400,450,true],"cvmm-medium-square":["https:\/\/elregionaldigital.info\/wp-content\/uploads\/2024\/10\/publcicso-750x450-1-600x450.jpg",600,450,true],"cvmm-large":["https:\/\/elregionaldigital.info\/wp-content\/uploads\/2024\/10\/publcicso-750x450-1.jpg",750,450,false],"cvmm-small":["https:\/\/elregionaldigital.info\/wp-content\/uploads\/2024\/10\/publcicso-750x450-1-130x95.jpg",130,95,true],"full":["https:\/\/elregionaldigital.info\/wp-content\/uploads\/2024\/10\/publcicso-750x450-1.jpg",750,450,false]},"_links":{"self":[{"href":"https:\/\/elregionaldigital.info\/index.php?rest_route=\/wp\/v2\/posts\/3562","targetHints":{"allow":["GET"]}}],"collection":[{"href":"https:\/\/elregionaldigital.info\/index.php?rest_route=\/wp\/v2\/posts"}],"about":[{"href":"https:\/\/elregionaldigital.info\/index.php?rest_route=\/wp\/v2\/types\/post"}],"author":[{"embeddable":true,"href":"https:\/\/elregionaldigital.info\/index.php?rest_route=\/wp\/v2\/users\/1"}],"replies":[{"embeddable":true,"href":"https:\/\/elregionaldigital.info\/index.php?rest_route=%2Fwp%2Fv2%2Fcomments&post=3562"}],"version-history":[{"count":1,"href":"https:\/\/elregionaldigital.info\/index.php?rest_route=\/wp\/v2\/posts\/3562\/revisions"}],"predecessor-version":[{"id":3564,"href":"https:\/\/elregionaldigital.info\/index.php?rest_route=\/wp\/v2\/posts\/3562\/revisions\/3564"}],"wp:featuredmedia":[{"embeddable":true,"href":"https:\/\/elregionaldigital.info\/index.php?rest_route=\/wp\/v2\/media\/3563"}],"wp:attachment":[{"href":"https:\/\/elregionaldigital.info\/index.php?rest_route=%2Fwp%2Fv2%2Fmedia&parent=3562"}],"wp:term":[{"taxonomy":"category","embeddable":true,"href":"https:\/\/elregionaldigital.info\/index.php?rest_route=%2Fwp%2Fv2%2Fcategories&post=3562"},{"taxonomy":"post_tag","embeddable":true,"href":"https:\/\/elregionaldigital.info\/index.php?rest_route=%2Fwp%2Fv2%2Ftags&post=3562"}],"curies":[{"name":"wp","href":"https:\/\/api.w.org\/{rel}","templated":true}]}}