{"id":3559,"date":"2024-09-29T05:06:29","date_gmt":"2024-09-29T05:06:29","guid":{"rendered":"http:\/\/elregionaldigital.info\/?p=3559"},"modified":"2024-10-07T05:18:30","modified_gmt":"2024-10-07T05:18:30","slug":"da-lopez-obrador-miniinforme-en-su-ultima-conferencia-de-prensa-mananera","status":"publish","type":"post","link":"https:\/\/elregionaldigital.info\/?p=3559","title":{"rendered":"Da L\u00f3pez Obrador miniinforme en su \u00faltima conferencia de prensa Ma\u00f1anera"},"content":{"rendered":"\n<p><a href=\"https:\/\/laverdad.com.mx\/wp-content\/uploads\/2024\/09\/AMLO-3.jpg\"><\/a> En su \u00faltima conferencia ma\u00f1anera del sexenio, el presidente Andr\u00e9s Manuel L\u00f3pez Obrador ofreci\u00f3 un resumen de los logros de su administraci\u00f3n en diversos \u00e1mbitos, incluyendo seguridad, econom\u00eda y el combate al huachicol. El mandatario destac\u00f3 que su gobierno no sigui\u00f3 el \u201ccamino trillado\u201d de sus predecesores y prioriz\u00f3 una pol\u00edtica orientada econ\u00f3micamente a las necesidades del pa\u00eds. Entre los logros mencionados se encuentra la apreciaci\u00f3n del peso en un 3.3%, un r\u00e9cord en remesas de 63 mil millones de d\u00f3lares en 2023, y un incremento en los ingresos de la hacienda p\u00fablica sin necesidad de aumentar impuestos.<\/p>\n\n\n\n<p>En el tema de seguridad, AMLO subray\u00f3 una reducci\u00f3n del 29% en delitos federales durante su mandato, aunque admiti\u00f3 que el homicidio fue lo m\u00e1s dif\u00edcil de disminuir, con una reducci\u00f3n del 19%. Tambi\u00e9n destac\u00f3 el combate al robo de combustible, conocido como huachicol, lo que ha generado un ahorro de 342 mil millones de pesos. Seg\u00fan el presidente, este ahorro supera el costo de la refiner\u00eda de Dos Bocas, una de las principales obras de infraestructura de su administraci\u00f3n.<\/p>\n\n\n\n<p>Finalmente, L\u00f3pez Obrador experiment\u00f3 el aumento en el \u00edndice de felicidad en M\u00e9xico, afirmando que el pa\u00eds subi\u00f3 11 lugares a nivel mundial, posicion\u00e1ndose en el puesto 25 entre las naciones m\u00e1s felices. El presidente concluy\u00f3 su discurso reiterando su compromiso con la austeridad republicana y la defensa de los derechos de los pueblos ind\u00edgenas y afromexicanos, y enfatiz\u00f3 que su gobierno ha logrado un progreso significativo en diversas \u00e1reas clave del pa\u00eds.<\/p>\n","protected":false},"excerpt":{"rendered":"<p>En su \u00faltima conferencia ma\u00f1anera del sexenio, el presidente Andr\u00e9s Manuel L\u00f3pez Obrador ofreci\u00f3 un resumen de los logros de su administraci\u00f3n en diversos \u00e1mbitos, incluyendo seguridad, econom\u00eda y el combate al huachicol. El mandatario destac\u00f3 que su gobierno no sigui\u00f3 el \u201ccamino trillado\u201d de sus predecesores y prioriz\u00f3 una pol\u00edtica orientada econ\u00f3micamente a las [&hellip;]<\/p>\n","protected":false},"author":1,"featured_media":3560,"comment_status":"open","ping_status":"open","sticky":false,"template":"","format":"standard","meta":{"footnotes":""},"categories":[5],"tags":[],"class_list":["post-3559","post","type-post","status-publish","format-standard","has-post-thumbnail","hentry","category-nacional"],"blog_post_layout_featured_media_urls":{"thumbnail":["https:\/\/elregionaldigital.info\/wp-content\/uploads\/2024\/10\/AMLO-3-750x422-1-150x150.jpg",150,150,true],"full":["https:\/\/elregionaldigital.info\/wp-content\/uploads\/2024\/10\/AMLO-3-750x422-1.jpg",750,422,false]},"categories_names":{"5":{"name":"Nacional","link":"https:\/\/elregionaldigital.info\/?cat=5"}},"tags_names":[],"comments_number":"0","wpmagazine_modules_lite_featured_media_urls":{"thumbnail":["https:\/\/elregionaldigital.info\/wp-content\/uploads\/2024\/10\/AMLO-3-750x422-1-150x150.jpg",150,150,true],"cvmm-medium":["https:\/\/elregionaldigital.info\/wp-content\/uploads\/2024\/10\/AMLO-3-750x422-1-300x300.jpg",300,300,true],"cvmm-medium-plus":["https:\/\/elregionaldigital.info\/wp-content\/uploads\/2024\/10\/AMLO-3-750x422-1-305x207.jpg",305,207,true],"cvmm-portrait":["https:\/\/elregionaldigital.info\/wp-content\/uploads\/2024\/10\/AMLO-3-750x422-1-400x422.jpg",400,422,true],"cvmm-medium-square":["https:\/\/elregionaldigital.info\/wp-content\/uploads\/2024\/10\/AMLO-3-750x422-1-600x422.jpg",600,422,true],"cvmm-large":["https:\/\/elregionaldigital.info\/wp-content\/uploads\/2024\/10\/AMLO-3-750x422-1.jpg",750,422,false],"cvmm-small":["https:\/\/elregionaldigital.info\/wp-content\/uploads\/2024\/10\/AMLO-3-750x422-1-130x95.jpg",130,95,true],"full":["https:\/\/elregionaldigital.info\/wp-content\/uploads\/2024\/10\/AMLO-3-750x422-1.jpg",750,422,false]},"_links":{"self":[{"href":"https:\/\/elregionaldigital.info\/index.php?rest_route=\/wp\/v2\/posts\/3559","targetHints":{"allow":["GET"]}}],"collection":[{"href":"https:\/\/elregionaldigital.info\/index.php?rest_route=\/wp\/v2\/posts"}],"about":[{"href":"https:\/\/elregionaldigital.info\/index.php?rest_route=\/wp\/v2\/types\/post"}],"author":[{"embeddable":true,"href":"https:\/\/elregionaldigital.info\/index.php?rest_route=\/wp\/v2\/users\/1"}],"replies":[{"embeddable":true,"href":"https:\/\/elregionaldigital.info\/index.php?rest_route=%2Fwp%2Fv2%2Fcomments&post=3559"}],"version-history":[{"count":1,"href":"https:\/\/elregionaldigital.info\/index.php?rest_route=\/wp\/v2\/posts\/3559\/revisions"}],"predecessor-version":[{"id":3561,"href":"https:\/\/elregionaldigital.info\/index.php?rest_route=\/wp\/v2\/posts\/3559\/revisions\/3561"}],"wp:featuredmedia":[{"embeddable":true,"href":"https:\/\/elregionaldigital.info\/index.php?rest_route=\/wp\/v2\/media\/3560"}],"wp:attachment":[{"href":"https:\/\/elregionaldigital.info\/index.php?rest_route=%2Fwp%2Fv2%2Fmedia&parent=3559"}],"wp:term":[{"taxonomy":"category","embeddable":true,"href":"https:\/\/elregionaldigital.info\/index.php?rest_route=%2Fwp%2Fv2%2Fcategories&post=3559"},{"taxonomy":"post_tag","embeddable":true,"href":"https:\/\/elregionaldigital.info\/index.php?rest_route=%2Fwp%2Fv2%2Ftags&post=3559"}],"curies":[{"name":"wp","href":"https:\/\/api.w.org\/{rel}","templated":true}]}}