{"id":3547,"date":"2024-10-04T21:53:04","date_gmt":"2024-10-04T21:53:04","guid":{"rendered":"http:\/\/elregionaldigital.info\/?p=3547"},"modified":"2024-10-04T21:53:05","modified_gmt":"2024-10-04T21:53:05","slug":"jugadores-del-corre-compiten-para-ser-seleccionados-sub-19-de-la-liga-premier","status":"publish","type":"post","link":"https:\/\/elregionaldigital.info\/?p=3547","title":{"rendered":"Jugadores del Corre compiten para ser seleccionados Sub-19 de la Liga Premier."},"content":{"rendered":"\n<p>Los jugadores del club de f\u00fatbol Correcaminos de la Universidad Aut\u00f3noma de<br>Tamaulipas (UAT), Rafael Arce Lav\u00edn y Marco Figueroa L\u00f3pez, asistieron tres d\u00edas<br>a prueba para buscar conformar la selecci\u00f3n de la Liga Premier Sub-19, que<br>participar\u00e1 un Torneo Internacional el pr\u00f3ximo 28 de noviembre en Uruguay.<br>Este proceso de selecci\u00f3n consta de tres concentraciones y la primera se<br>realiz\u00f3 recientemente en \u201cLa Cresta\u201d Quer\u00e9taro. Mientras que las siguientes<br>etapas se llevar\u00e1n a cabo en las pr\u00f3ximas semanas.<br>Luego de ello, se dar\u00e1 a conocer la lista definitiva de jugadores que<br>representar\u00e1n a la Liga Premier en el torneo internacional.<br>Rafael Arce y Marco Figueroa, actualmente juegan para el equipo de Liga Premier<br>del Correcaminos de la UAT.<br>Cabe se\u00f1alar que Rafael Arce es nacido en Ciudad Victoria el d\u00eda 16 de abril<br>de 2005, cuenta con un total de 240 minutos jugados con el equipo de<br>Correcaminos Liga Premier, mientras que Marco Figueroa es de Monterrey, Nuevo<br>Le\u00f3n, naci\u00f3 el 26 de febrero de 2005, cuenta con 38 minutos con el equipo<br>naranja.<\/p>\n","protected":false},"excerpt":{"rendered":"<p>Los jugadores del club de f\u00fatbol Correcaminos de la Universidad Aut\u00f3noma deTamaulipas (UAT), Rafael Arce Lav\u00edn y Marco Figueroa L\u00f3pez, asistieron tres d\u00edasa prueba para buscar conformar la selecci\u00f3n de la Liga Premier Sub-19, queparticipar\u00e1 un Torneo Internacional el pr\u00f3ximo 28 de noviembre en Uruguay.Este proceso de selecci\u00f3n consta de tres concentraciones y la primera [&hellip;]<\/p>\n","protected":false},"author":1,"featured_media":3548,"comment_status":"open","ping_status":"open","sticky":false,"template":"","format":"standard","meta":{"footnotes":""},"categories":[6,4],"tags":[],"class_list":["post-3547","post","type-post","status-publish","format-standard","has-post-thumbnail","hentry","category-deportes","category-universidades"],"blog_post_layout_featured_media_urls":{"thumbnail":["https:\/\/elregionaldigital.info\/wp-content\/uploads\/2024\/10\/1-1-1-150x150.jpeg",150,150,true],"full":["https:\/\/elregionaldigital.info\/wp-content\/uploads\/2024\/10\/1-1-1.jpeg",1080,720,false]},"categories_names":{"6":{"name":"Deportes","link":"https:\/\/elregionaldigital.info\/?cat=6"},"4":{"name":"Universidades","link":"https:\/\/elregionaldigital.info\/?cat=4"}},"tags_names":[],"comments_number":"0","wpmagazine_modules_lite_featured_media_urls":{"thumbnail":["https:\/\/elregionaldigital.info\/wp-content\/uploads\/2024\/10\/1-1-1-150x150.jpeg",150,150,true],"cvmm-medium":["https:\/\/elregionaldigital.info\/wp-content\/uploads\/2024\/10\/1-1-1-300x300.jpeg",300,300,true],"cvmm-medium-plus":["https:\/\/elregionaldigital.info\/wp-content\/uploads\/2024\/10\/1-1-1-305x207.jpeg",305,207,true],"cvmm-portrait":["https:\/\/elregionaldigital.info\/wp-content\/uploads\/2024\/10\/1-1-1-400x600.jpeg",400,600,true],"cvmm-medium-square":["https:\/\/elregionaldigital.info\/wp-content\/uploads\/2024\/10\/1-1-1-600x600.jpeg",600,600,true],"cvmm-large":["https:\/\/elregionaldigital.info\/wp-content\/uploads\/2024\/10\/1-1-1-1024x720.jpeg",1024,720,true],"cvmm-small":["https:\/\/elregionaldigital.info\/wp-content\/uploads\/2024\/10\/1-1-1-130x95.jpeg",130,95,true],"full":["https:\/\/elregionaldigital.info\/wp-content\/uploads\/2024\/10\/1-1-1.jpeg",1080,720,false]},"_links":{"self":[{"href":"https:\/\/elregionaldigital.info\/index.php?rest_route=\/wp\/v2\/posts\/3547","targetHints":{"allow":["GET"]}}],"collection":[{"href":"https:\/\/elregionaldigital.info\/index.php?rest_route=\/wp\/v2\/posts"}],"about":[{"href":"https:\/\/elregionaldigital.info\/index.php?rest_route=\/wp\/v2\/types\/post"}],"author":[{"embeddable":true,"href":"https:\/\/elregionaldigital.info\/index.php?rest_route=\/wp\/v2\/users\/1"}],"replies":[{"embeddable":true,"href":"https:\/\/elregionaldigital.info\/index.php?rest_route=%2Fwp%2Fv2%2Fcomments&post=3547"}],"version-history":[{"count":1,"href":"https:\/\/elregionaldigital.info\/index.php?rest_route=\/wp\/v2\/posts\/3547\/revisions"}],"predecessor-version":[{"id":3549,"href":"https:\/\/elregionaldigital.info\/index.php?rest_route=\/wp\/v2\/posts\/3547\/revisions\/3549"}],"wp:featuredmedia":[{"embeddable":true,"href":"https:\/\/elregionaldigital.info\/index.php?rest_route=\/wp\/v2\/media\/3548"}],"wp:attachment":[{"href":"https:\/\/elregionaldigital.info\/index.php?rest_route=%2Fwp%2Fv2%2Fmedia&parent=3547"}],"wp:term":[{"taxonomy":"category","embeddable":true,"href":"https:\/\/elregionaldigital.info\/index.php?rest_route=%2Fwp%2Fv2%2Fcategories&post=3547"},{"taxonomy":"post_tag","embeddable":true,"href":"https:\/\/elregionaldigital.info\/index.php?rest_route=%2Fwp%2Fv2%2Ftags&post=3547"}],"curies":[{"name":"wp","href":"https:\/\/api.w.org\/{rel}","templated":true}]}}