{"id":3544,"date":"2024-10-04T21:38:27","date_gmt":"2024-10-04T21:38:27","guid":{"rendered":"http:\/\/elregionaldigital.info\/?p=3544"},"modified":"2024-10-04T21:38:28","modified_gmt":"2024-10-04T21:38:28","slug":"inaugura-el-rector-damaso-anaya-el-torneo-interfacultades-uat-zona-sur","status":"publish","type":"post","link":"https:\/\/elregionaldigital.info\/?p=3544","title":{"rendered":"Inaugura el rector D\u00e1maso Anaya el torneo Interfacultades UAT Zona Sur"},"content":{"rendered":"\n<p><\/p>\n\n\n\n<p>El rector de la Universidad Aut\u00f3noma de Tamaulipas, MVZ D\u00e1maso Leonardo<br>Anaya Alvarado, inaugur\u00f3 las actividades del Torneo Interfacultades UAT de la<br>Zona Sur 2024, un evento que la casa de estudios celebra con sus deportistas en<br>todos los campus del estado.<br>En la ceremonia de apertura, que tuvo como escenario el estadio ol\u00edmpico del<br>Centro Universitario Sur, el rector D\u00e1maso Anaya, junto a la estudiante Karina<br>P\u00e9rez P\u00e9rez, encendi\u00f3 el pebetero que marc\u00f3 el inicio de la m\u00e1xima justa<br>deportiva de la UAT en el Campus Tampico.<br>En su mensaje destac\u00f3 la relevancia del deporte como complemento de la<br>formaci\u00f3n acad\u00e9mica que recibe la comunidad estudiantil, y resalt\u00f3 que en esta<br>zona participan alrededor de 1447 estudiantes de la UAT en distintas disciplinas<br>como atletismo, ajedrez, baloncesto, futbol, boxeo, voleibol, taekwondo, tenis,<br>entre otras.<br>Subray\u00f3 el rector su reconocimiento a directores y personal del Campus Sur<br>por contribuir al fomento deportivo, as\u00ed como a las familias de los universitarios por<br>su apoyo en la formaci\u00f3n integral del estudiantado.<br>Durante la ceremonia, el MVZ D\u00e1maso Anaya entreg\u00f3 reconocimientos a tres<br>destacados deportistas universitarios por sus logros en recientes competencias<br>nacionales e internacionales.<br>Entre ellos, Jos\u00e9 Ignacio P\u00e9rez Ortiz, de la Facultad de Odontolog\u00eda,<br>medallista de plata en la disciplina de taekwondo en la Universiada Nacional 2024;<br>Karina P\u00e9rez P\u00e9rez, de la Facultad de Derecho y Ciencias Sociales Tampico,<br>quien se destac\u00f3 en la Universiada Nacional 2024 y se proclam\u00f3 subcampeona de<br>la Liga Mexicana de Softbol Profesional; y Rodrigo Castillo Ramos, de la Facultad<br>de Ingenier\u00eda Tampico, medalla de plata en el Campeonato Panamericano de<\/p>\n\n\n\n<p>Karate 2024 en Sao Paulo, Brasil.<br>A nombre de la comunidad deportiva, el alumno Jos\u00e9 Ignacio P\u00e9rez Ortiz<br>pronunci\u00f3 un mensaje de agradecimiento y reconocimiento al rector por su<br>respaldo al deporte universitario, destacando el apoyo reflejado en la entrega de<br>equipos y uniformes, que reafirma la importancia de las actividades recreativas en<br>el desarrollo estudiantil.<br>Se cont\u00f3 con la participaci\u00f3n de las delegaciones atl\u00e9ticas de las facultades<br>de la zona sur, como son los B\u00fahos de Derecho y Ciencias Sociales; Bulldogs de<br>Comercio y Administraci\u00f3n; Castores de Ingenier\u00eda; Delfines de Enfermer\u00eda; Lobos<br>Grises de Arquitectura, Dise\u00f1o y Urbanismo; Piolines de Odontolog\u00eda; Tigres<br>Blancos de Medicina, y \u00c1guilas de la Facultad de M\u00fasica y Artes.<\/p>\n","protected":false},"excerpt":{"rendered":"<p>El rector de la Universidad Aut\u00f3noma de Tamaulipas, MVZ D\u00e1maso LeonardoAnaya Alvarado, inaugur\u00f3 las actividades del Torneo Interfacultades UAT de laZona Sur 2024, un evento que la casa de estudios celebra con sus deportistas entodos los campus del estado.En la ceremonia de apertura, que tuvo como escenario el estadio ol\u00edmpico delCentro Universitario Sur, el rector [&hellip;]<\/p>\n","protected":false},"author":1,"featured_media":3545,"comment_status":"open","ping_status":"open","sticky":false,"template":"","format":"standard","meta":{"footnotes":""},"categories":[6,4],"tags":[],"class_list":["post-3544","post","type-post","status-publish","format-standard","has-post-thumbnail","hentry","category-deportes","category-universidades"],"blog_post_layout_featured_media_urls":{"thumbnail":["https:\/\/elregionaldigital.info\/wp-content\/uploads\/2024\/10\/2-150x150.jpg",150,150,true],"full":["https:\/\/elregionaldigital.info\/wp-content\/uploads\/2024\/10\/2-scaled.jpg",2560,1707,false]},"categories_names":{"6":{"name":"Deportes","link":"https:\/\/elregionaldigital.info\/?cat=6"},"4":{"name":"Universidades","link":"https:\/\/elregionaldigital.info\/?cat=4"}},"tags_names":[],"comments_number":"0","wpmagazine_modules_lite_featured_media_urls":{"thumbnail":["https:\/\/elregionaldigital.info\/wp-content\/uploads\/2024\/10\/2-150x150.jpg",150,150,true],"cvmm-medium":["https:\/\/elregionaldigital.info\/wp-content\/uploads\/2024\/10\/2-300x300.jpg",300,300,true],"cvmm-medium-plus":["https:\/\/elregionaldigital.info\/wp-content\/uploads\/2024\/10\/2-305x207.jpg",305,207,true],"cvmm-portrait":["https:\/\/elregionaldigital.info\/wp-content\/uploads\/2024\/10\/2-400x600.jpg",400,600,true],"cvmm-medium-square":["https:\/\/elregionaldigital.info\/wp-content\/uploads\/2024\/10\/2-600x600.jpg",600,600,true],"cvmm-large":["https:\/\/elregionaldigital.info\/wp-content\/uploads\/2024\/10\/2-1024x1024.jpg",1024,1024,true],"cvmm-small":["https:\/\/elregionaldigital.info\/wp-content\/uploads\/2024\/10\/2-130x95.jpg",130,95,true],"full":["https:\/\/elregionaldigital.info\/wp-content\/uploads\/2024\/10\/2-scaled.jpg",2560,1707,false]},"_links":{"self":[{"href":"https:\/\/elregionaldigital.info\/index.php?rest_route=\/wp\/v2\/posts\/3544","targetHints":{"allow":["GET"]}}],"collection":[{"href":"https:\/\/elregionaldigital.info\/index.php?rest_route=\/wp\/v2\/posts"}],"about":[{"href":"https:\/\/elregionaldigital.info\/index.php?rest_route=\/wp\/v2\/types\/post"}],"author":[{"embeddable":true,"href":"https:\/\/elregionaldigital.info\/index.php?rest_route=\/wp\/v2\/users\/1"}],"replies":[{"embeddable":true,"href":"https:\/\/elregionaldigital.info\/index.php?rest_route=%2Fwp%2Fv2%2Fcomments&post=3544"}],"version-history":[{"count":1,"href":"https:\/\/elregionaldigital.info\/index.php?rest_route=\/wp\/v2\/posts\/3544\/revisions"}],"predecessor-version":[{"id":3546,"href":"https:\/\/elregionaldigital.info\/index.php?rest_route=\/wp\/v2\/posts\/3544\/revisions\/3546"}],"wp:featuredmedia":[{"embeddable":true,"href":"https:\/\/elregionaldigital.info\/index.php?rest_route=\/wp\/v2\/media\/3545"}],"wp:attachment":[{"href":"https:\/\/elregionaldigital.info\/index.php?rest_route=%2Fwp%2Fv2%2Fmedia&parent=3544"}],"wp:term":[{"taxonomy":"category","embeddable":true,"href":"https:\/\/elregionaldigital.info\/index.php?rest_route=%2Fwp%2Fv2%2Fcategories&post=3544"},{"taxonomy":"post_tag","embeddable":true,"href":"https:\/\/elregionaldigital.info\/index.php?rest_route=%2Fwp%2Fv2%2Ftags&post=3544"}],"curies":[{"name":"wp","href":"https:\/\/api.w.org\/{rel}","templated":true}]}}