{"id":3526,"date":"2024-10-06T18:50:22","date_gmt":"2024-10-06T18:50:22","guid":{"rendered":"http:\/\/elregionaldigital.info\/?p=3526"},"modified":"2024-10-03T18:53:05","modified_gmt":"2024-10-03T18:53:05","slug":"celebra-victoria-273-anos-de-historia","status":"publish","type":"post","link":"https:\/\/elregionaldigital.info\/?p=3526","title":{"rendered":"Celebra Victoria 273 a\u00f1os de historia"},"content":{"rendered":"\n<p>\u2013 Autoridades municipales, del Estado y sociedad civil, festejaron este 6 de octubre el 274 aniversario de fundaci\u00f3n de la Villa Santa Mar\u00eda de Aguayo, hoy Ciudad Victoria, con emotiva sesi\u00f3n solemne de Cabildo celebrada frente al emblem\u00e1tico obelisco de la Plaza Hidalgo.<\/p>\n\n\n\n<p>El presidente municipal, Eduardo Gatt\u00e1s B\u00e1ez, junto a su esposa Lucy de Gatt\u00e1s y el representante del gobernador del Estado, Secretario General de Gobierno Joel Villegas Gonz\u00e1lez, encabez\u00f3 el festejo con breve mensaje dirigido a los habitantes de la Capital del Estado.<\/p>\n\n\n\n<p>\u201cLa construcci\u00f3n de Victoria fue ardua por los pobladores originales, hoy los victorenses somos agentes activos de la cuarta transformaci\u00f3n y con fe y esperanza avanzamos de la mano del gobernador Am\u00e9rico Villarreal Anaya hacia un futuro luminosos de bienestar y desarrollo\u201d, afirm\u00f3.<\/p>\n\n\n\n<p>En la sesi\u00f3n solemne, donde los historiadores Gustavo Adolfo Garc\u00eda Paz y Octavio Herrera P\u00e9rez dieron la semblanza de la historia de fundaci\u00f3n de Victoria, el Secretario de Gobierno Joel Villegas Gonz\u00e1lez, a nombre del gobernador del Estado, alent\u00f3 a seguir unidos para continuar construyendo un Tamaulipas humanista.<\/p>\n","protected":false},"excerpt":{"rendered":"<p>\u2013 Autoridades municipales, del Estado y sociedad civil, festejaron este 6 de octubre el 274 aniversario de fundaci\u00f3n de la Villa Santa Mar\u00eda de Aguayo, hoy Ciudad Victoria, con emotiva sesi\u00f3n solemne de Cabildo celebrada frente al emblem\u00e1tico obelisco de la Plaza Hidalgo. El presidente municipal, Eduardo Gatt\u00e1s B\u00e1ez, junto a su esposa Lucy de [&hellip;]<\/p>\n","protected":false},"author":1,"featured_media":3527,"comment_status":"open","ping_status":"open","sticky":false,"template":"","format":"standard","meta":{"footnotes":""},"categories":[2],"tags":[],"class_list":["post-3526","post","type-post","status-publish","format-standard","has-post-thumbnail","hentry","category-tamaulipas"],"blog_post_layout_featured_media_urls":{"thumbnail":["https:\/\/elregionaldigital.info\/wp-content\/uploads\/2024\/10\/Captura-de-pantalla-2024-10-03-125232-150x150.jpg",150,150,true],"full":["https:\/\/elregionaldigital.info\/wp-content\/uploads\/2024\/10\/Captura-de-pantalla-2024-10-03-125232.jpg",704,407,false]},"categories_names":{"2":{"name":"Tamaulipas","link":"https:\/\/elregionaldigital.info\/?cat=2"}},"tags_names":[],"comments_number":"0","wpmagazine_modules_lite_featured_media_urls":{"thumbnail":["https:\/\/elregionaldigital.info\/wp-content\/uploads\/2024\/10\/Captura-de-pantalla-2024-10-03-125232-150x150.jpg",150,150,true],"cvmm-medium":["https:\/\/elregionaldigital.info\/wp-content\/uploads\/2024\/10\/Captura-de-pantalla-2024-10-03-125232-300x300.jpg",300,300,true],"cvmm-medium-plus":["https:\/\/elregionaldigital.info\/wp-content\/uploads\/2024\/10\/Captura-de-pantalla-2024-10-03-125232-305x207.jpg",305,207,true],"cvmm-portrait":["https:\/\/elregionaldigital.info\/wp-content\/uploads\/2024\/10\/Captura-de-pantalla-2024-10-03-125232-400x407.jpg",400,407,true],"cvmm-medium-square":["https:\/\/elregionaldigital.info\/wp-content\/uploads\/2024\/10\/Captura-de-pantalla-2024-10-03-125232-600x407.jpg",600,407,true],"cvmm-large":["https:\/\/elregionaldigital.info\/wp-content\/uploads\/2024\/10\/Captura-de-pantalla-2024-10-03-125232.jpg",704,407,false],"cvmm-small":["https:\/\/elregionaldigital.info\/wp-content\/uploads\/2024\/10\/Captura-de-pantalla-2024-10-03-125232-130x95.jpg",130,95,true],"full":["https:\/\/elregionaldigital.info\/wp-content\/uploads\/2024\/10\/Captura-de-pantalla-2024-10-03-125232.jpg",704,407,false]},"_links":{"self":[{"href":"https:\/\/elregionaldigital.info\/index.php?rest_route=\/wp\/v2\/posts\/3526","targetHints":{"allow":["GET"]}}],"collection":[{"href":"https:\/\/elregionaldigital.info\/index.php?rest_route=\/wp\/v2\/posts"}],"about":[{"href":"https:\/\/elregionaldigital.info\/index.php?rest_route=\/wp\/v2\/types\/post"}],"author":[{"embeddable":true,"href":"https:\/\/elregionaldigital.info\/index.php?rest_route=\/wp\/v2\/users\/1"}],"replies":[{"embeddable":true,"href":"https:\/\/elregionaldigital.info\/index.php?rest_route=%2Fwp%2Fv2%2Fcomments&post=3526"}],"version-history":[{"count":1,"href":"https:\/\/elregionaldigital.info\/index.php?rest_route=\/wp\/v2\/posts\/3526\/revisions"}],"predecessor-version":[{"id":3528,"href":"https:\/\/elregionaldigital.info\/index.php?rest_route=\/wp\/v2\/posts\/3526\/revisions\/3528"}],"wp:featuredmedia":[{"embeddable":true,"href":"https:\/\/elregionaldigital.info\/index.php?rest_route=\/wp\/v2\/media\/3527"}],"wp:attachment":[{"href":"https:\/\/elregionaldigital.info\/index.php?rest_route=%2Fwp%2Fv2%2Fmedia&parent=3526"}],"wp:term":[{"taxonomy":"category","embeddable":true,"href":"https:\/\/elregionaldigital.info\/index.php?rest_route=%2Fwp%2Fv2%2Fcategories&post=3526"},{"taxonomy":"post_tag","embeddable":true,"href":"https:\/\/elregionaldigital.info\/index.php?rest_route=%2Fwp%2Fv2%2Ftags&post=3526"}],"curies":[{"name":"wp","href":"https:\/\/api.w.org\/{rel}","templated":true}]}}