{"id":3523,"date":"2024-10-07T18:48:45","date_gmt":"2024-10-07T18:48:45","guid":{"rendered":"http:\/\/elregionaldigital.info\/?p=3523"},"modified":"2024-10-03T18:53:24","modified_gmt":"2024-10-03T18:53:24","slug":"sheinbaum-anuncia-reduccion-de-la-jornada-laboral-a-40-horas","status":"publish","type":"post","link":"https:\/\/elregionaldigital.info\/?p=3523","title":{"rendered":"Sheinbaum anuncia reducci\u00f3n de la jornada laboral a 40 horas"},"content":{"rendered":"\n<p>Claudia Sheinbaum Pardo hizo historia al convertirse en la primera mujer Presidenta de M\u00e9xico y, en su discurso inaugural en el Z\u00f3calo, anunci\u00f3 una de sus propuestas m\u00e1s esperadas: la reducci\u00f3n de la jornada laboral de 48 a 40 horas.<br>Este objetivo, que hab\u00eda permanecido estancado en la legislaci\u00f3n anterior, ahora retoma impulso bajo su administraci\u00f3n, que abarca el periodo de 2024 a 2030.<br>La mandataria expres\u00f3 su confianza en que se alcanzar\u00e1 este compromiso de manera gradual, en acuerdo con los empleadores.<br>Aunque no se especificaron fechas concretas para la implementaci\u00f3n, Sheinbaum asegur\u00f3 que la reforma ser\u00e1 parte de su agenda legislativa. \u201cEstoy segura que lo vamos a lograr\u201d, afirm\u00f3, destacando la importancia de mejorar las condiciones laborales en el pa\u00eds.<br>La propuesta de reducir la jornada laboral ha sido un tema pol\u00e9mico en el pasado, generando debates entre legisladores, empresarios y la administraci\u00f3n anterior de Andr\u00e9s Manuel L\u00f3pez Obrador, quien abogaba por una implementaci\u00f3n m\u00e1s gradual.<br>Con esta nueva administraci\u00f3n, se espera que el di\u00e1logo y las negociaciones avancen hacia un cambio que beneficie a los trabajadores y fomente un mejor equilibrio entre la vida laboral y personal.<\/p>\n","protected":false},"excerpt":{"rendered":"<p>Claudia Sheinbaum Pardo hizo historia al convertirse en la primera mujer Presidenta de M\u00e9xico y, en su discurso inaugural en el Z\u00f3calo, anunci\u00f3 una de sus propuestas m\u00e1s esperadas: la reducci\u00f3n de la jornada laboral de 48 a 40 horas.Este objetivo, que hab\u00eda permanecido estancado en la legislaci\u00f3n anterior, ahora retoma impulso bajo su administraci\u00f3n, [&hellip;]<\/p>\n","protected":false},"author":1,"featured_media":3524,"comment_status":"open","ping_status":"open","sticky":false,"template":"","format":"standard","meta":{"footnotes":""},"categories":[5],"tags":[],"class_list":["post-3523","post","type-post","status-publish","format-standard","has-post-thumbnail","hentry","category-nacional"],"blog_post_layout_featured_media_urls":{"thumbnail":["https:\/\/elregionaldigital.info\/wp-content\/uploads\/2024\/10\/WhatsApp-Image-2024-10-02-at-18.06.09-800x445-1-150x150.jpeg",150,150,true],"full":["https:\/\/elregionaldigital.info\/wp-content\/uploads\/2024\/10\/WhatsApp-Image-2024-10-02-at-18.06.09-800x445-1.jpeg",800,445,false]},"categories_names":{"5":{"name":"Nacional","link":"https:\/\/elregionaldigital.info\/?cat=5"}},"tags_names":[],"comments_number":"0","wpmagazine_modules_lite_featured_media_urls":{"thumbnail":["https:\/\/elregionaldigital.info\/wp-content\/uploads\/2024\/10\/WhatsApp-Image-2024-10-02-at-18.06.09-800x445-1-150x150.jpeg",150,150,true],"cvmm-medium":["https:\/\/elregionaldigital.info\/wp-content\/uploads\/2024\/10\/WhatsApp-Image-2024-10-02-at-18.06.09-800x445-1-300x300.jpeg",300,300,true],"cvmm-medium-plus":["https:\/\/elregionaldigital.info\/wp-content\/uploads\/2024\/10\/WhatsApp-Image-2024-10-02-at-18.06.09-800x445-1-305x207.jpeg",305,207,true],"cvmm-portrait":["https:\/\/elregionaldigital.info\/wp-content\/uploads\/2024\/10\/WhatsApp-Image-2024-10-02-at-18.06.09-800x445-1-400x445.jpeg",400,445,true],"cvmm-medium-square":["https:\/\/elregionaldigital.info\/wp-content\/uploads\/2024\/10\/WhatsApp-Image-2024-10-02-at-18.06.09-800x445-1-600x445.jpeg",600,445,true],"cvmm-large":["https:\/\/elregionaldigital.info\/wp-content\/uploads\/2024\/10\/WhatsApp-Image-2024-10-02-at-18.06.09-800x445-1.jpeg",800,445,false],"cvmm-small":["https:\/\/elregionaldigital.info\/wp-content\/uploads\/2024\/10\/WhatsApp-Image-2024-10-02-at-18.06.09-800x445-1-130x95.jpeg",130,95,true],"full":["https:\/\/elregionaldigital.info\/wp-content\/uploads\/2024\/10\/WhatsApp-Image-2024-10-02-at-18.06.09-800x445-1.jpeg",800,445,false]},"_links":{"self":[{"href":"https:\/\/elregionaldigital.info\/index.php?rest_route=\/wp\/v2\/posts\/3523","targetHints":{"allow":["GET"]}}],"collection":[{"href":"https:\/\/elregionaldigital.info\/index.php?rest_route=\/wp\/v2\/posts"}],"about":[{"href":"https:\/\/elregionaldigital.info\/index.php?rest_route=\/wp\/v2\/types\/post"}],"author":[{"embeddable":true,"href":"https:\/\/elregionaldigital.info\/index.php?rest_route=\/wp\/v2\/users\/1"}],"replies":[{"embeddable":true,"href":"https:\/\/elregionaldigital.info\/index.php?rest_route=%2Fwp%2Fv2%2Fcomments&post=3523"}],"version-history":[{"count":1,"href":"https:\/\/elregionaldigital.info\/index.php?rest_route=\/wp\/v2\/posts\/3523\/revisions"}],"predecessor-version":[{"id":3525,"href":"https:\/\/elregionaldigital.info\/index.php?rest_route=\/wp\/v2\/posts\/3523\/revisions\/3525"}],"wp:featuredmedia":[{"embeddable":true,"href":"https:\/\/elregionaldigital.info\/index.php?rest_route=\/wp\/v2\/media\/3524"}],"wp:attachment":[{"href":"https:\/\/elregionaldigital.info\/index.php?rest_route=%2Fwp%2Fv2%2Fmedia&parent=3523"}],"wp:term":[{"taxonomy":"category","embeddable":true,"href":"https:\/\/elregionaldigital.info\/index.php?rest_route=%2Fwp%2Fv2%2Fcategories&post=3523"},{"taxonomy":"post_tag","embeddable":true,"href":"https:\/\/elregionaldigital.info\/index.php?rest_route=%2Fwp%2Fv2%2Ftags&post=3523"}],"curies":[{"name":"wp","href":"https:\/\/api.w.org\/{rel}","templated":true}]}}