{"id":3517,"date":"2024-10-04T18:46:06","date_gmt":"2024-10-04T18:46:06","guid":{"rendered":"http:\/\/elregionaldigital.info\/?p=3517"},"modified":"2024-10-03T18:46:52","modified_gmt":"2024-10-03T18:46:52","slug":"tesla-arde-en-llamas-tras-inundacion-en-florida","status":"publish","type":"post","link":"https:\/\/elregionaldigital.info\/?p=3517","title":{"rendered":"Tesla arde en llamas tras inundaci\u00f3n en Florida"},"content":{"rendered":"\n<p><a href=\"https:\/\/laverdad.com.mx\/wp-content\/uploads\/2024\/10\/tesla.jpg\"><\/a><\/p>\n\n\n\n<p>Un Tesla explot\u00f3 en llamas en un garaje inundado en Florida despu\u00e9s del paso del hurac\u00e1n Helene. El incidente, captado en c\u00e1maras de vigilancia, muestra c\u00f3mo el fuego comenz\u00f3 bajo el veh\u00edculo el\u00e9ctrico y lo envolvi\u00f3 en menos de un minuto. El suceso ha generado preocupaciones sobre la seguridad de los autos el\u00e9ctricos en condiciones extremas<\/p>\n\n\n\n<p>Las autoridades de Pinellas compartieron el video del incendio como advertencia a los propietarios de veh\u00edculos el\u00e9ctricos sobre los riesgos tras el contacto con agua salada, especialmente despu\u00e9s de desastres naturales como huracanes.<\/p>\n\n\n\n<p>A pesar de los avances tecnol\u00f3gicos, los veh\u00edculos Tesla han estado en las noticias por incendios espont\u00e1neos, aunque estos incidentes son raros. Las bater\u00edas de estos autos, en condiciones extremas, pueden presentar riesgos, lo que ha generado preguntas sobre su seguridad a largo plazo.<\/p>\n","protected":false},"excerpt":{"rendered":"<p>Un Tesla explot\u00f3 en llamas en un garaje inundado en Florida despu\u00e9s del paso del hurac\u00e1n Helene. El incidente, captado en c\u00e1maras de vigilancia, muestra c\u00f3mo el fuego comenz\u00f3 bajo el veh\u00edculo el\u00e9ctrico y lo envolvi\u00f3 en menos de un minuto. El suceso ha generado preocupaciones sobre la seguridad de los autos el\u00e9ctricos en condiciones [&hellip;]<\/p>\n","protected":false},"author":1,"featured_media":3518,"comment_status":"open","ping_status":"open","sticky":false,"template":"","format":"standard","meta":{"footnotes":""},"categories":[11],"tags":[],"class_list":["post-3517","post","type-post","status-publish","format-standard","has-post-thumbnail","hentry","category-mundo"],"blog_post_layout_featured_media_urls":{"thumbnail":["https:\/\/elregionaldigital.info\/wp-content\/uploads\/2024\/10\/tesla-750x450-1-150x150.jpg",150,150,true],"full":["https:\/\/elregionaldigital.info\/wp-content\/uploads\/2024\/10\/tesla-750x450-1.jpg",750,450,false]},"categories_names":{"11":{"name":"Mundo","link":"https:\/\/elregionaldigital.info\/?cat=11"}},"tags_names":[],"comments_number":"0","wpmagazine_modules_lite_featured_media_urls":{"thumbnail":["https:\/\/elregionaldigital.info\/wp-content\/uploads\/2024\/10\/tesla-750x450-1-150x150.jpg",150,150,true],"cvmm-medium":["https:\/\/elregionaldigital.info\/wp-content\/uploads\/2024\/10\/tesla-750x450-1-300x300.jpg",300,300,true],"cvmm-medium-plus":["https:\/\/elregionaldigital.info\/wp-content\/uploads\/2024\/10\/tesla-750x450-1-305x207.jpg",305,207,true],"cvmm-portrait":["https:\/\/elregionaldigital.info\/wp-content\/uploads\/2024\/10\/tesla-750x450-1-400x450.jpg",400,450,true],"cvmm-medium-square":["https:\/\/elregionaldigital.info\/wp-content\/uploads\/2024\/10\/tesla-750x450-1-600x450.jpg",600,450,true],"cvmm-large":["https:\/\/elregionaldigital.info\/wp-content\/uploads\/2024\/10\/tesla-750x450-1.jpg",750,450,false],"cvmm-small":["https:\/\/elregionaldigital.info\/wp-content\/uploads\/2024\/10\/tesla-750x450-1-130x95.jpg",130,95,true],"full":["https:\/\/elregionaldigital.info\/wp-content\/uploads\/2024\/10\/tesla-750x450-1.jpg",750,450,false]},"_links":{"self":[{"href":"https:\/\/elregionaldigital.info\/index.php?rest_route=\/wp\/v2\/posts\/3517","targetHints":{"allow":["GET"]}}],"collection":[{"href":"https:\/\/elregionaldigital.info\/index.php?rest_route=\/wp\/v2\/posts"}],"about":[{"href":"https:\/\/elregionaldigital.info\/index.php?rest_route=\/wp\/v2\/types\/post"}],"author":[{"embeddable":true,"href":"https:\/\/elregionaldigital.info\/index.php?rest_route=\/wp\/v2\/users\/1"}],"replies":[{"embeddable":true,"href":"https:\/\/elregionaldigital.info\/index.php?rest_route=%2Fwp%2Fv2%2Fcomments&post=3517"}],"version-history":[{"count":1,"href":"https:\/\/elregionaldigital.info\/index.php?rest_route=\/wp\/v2\/posts\/3517\/revisions"}],"predecessor-version":[{"id":3519,"href":"https:\/\/elregionaldigital.info\/index.php?rest_route=\/wp\/v2\/posts\/3517\/revisions\/3519"}],"wp:featuredmedia":[{"embeddable":true,"href":"https:\/\/elregionaldigital.info\/index.php?rest_route=\/wp\/v2\/media\/3518"}],"wp:attachment":[{"href":"https:\/\/elregionaldigital.info\/index.php?rest_route=%2Fwp%2Fv2%2Fmedia&parent=3517"}],"wp:term":[{"taxonomy":"category","embeddable":true,"href":"https:\/\/elregionaldigital.info\/index.php?rest_route=%2Fwp%2Fv2%2Fcategories&post=3517"},{"taxonomy":"post_tag","embeddable":true,"href":"https:\/\/elregionaldigital.info\/index.php?rest_route=%2Fwp%2Fv2%2Ftags&post=3517"}],"curies":[{"name":"wp","href":"https:\/\/api.w.org\/{rel}","templated":true}]}}