{"id":3514,"date":"2024-10-03T18:45:42","date_gmt":"2024-10-03T18:45:42","guid":{"rendered":"http:\/\/elregionaldigital.info\/?p=3514"},"modified":"2024-10-03T18:45:42","modified_gmt":"2024-10-03T18:45:42","slug":"santi-gimenez-sobre-diego-cocca-se-agarro-rencor-contra-nosotros-sin-motivo","status":"publish","type":"post","link":"https:\/\/elregionaldigital.info\/?p=3514","title":{"rendered":"Santi Gim\u00e9nez sobre Diego Cocca: \u201cSe agarr\u00f3 rencor contra nosotros sin motivo\u201d"},"content":{"rendered":"\n<p><a href=\"https:\/\/laverdad.com.mx\/wp-content\/uploads\/2024\/10\/GimenezEFE.webp\"><\/a><\/p>\n\n\n\n<p>Santiago Gim\u00e9nez, delantero del Feyenoord, se pronunci\u00f3 sobre su experiencia con los entrenadores de la Selecci\u00f3n Mexicana, enfoc\u00e1ndose en Diego Cocca. Seg\u00fan Gim\u00e9nez, tras la salida de Cocca, algunas declaraciones parec\u00edan estar dirigidas injustamente hacia los jugadores. \u201cSiento que Cocca se agarr\u00f3 un poco contra los jugadores, cuando no ten\u00edamos nada que ver\u201d, afirm\u00f3, desmintiendo que las quejas sobre log\u00edstica en la Nations League provinieran del plantel<\/p>\n\n\n\n<p>El atacante tambi\u00e9n aprovech\u00f3 para aclarar los rumores sobre un mal ambiente en la Selecci\u00f3n. \u201cEn la Selecci\u00f3n veo una gran uni\u00f3n. No s\u00e9 por qu\u00e9 especulan lo contrario\u201d, se\u00f1al\u00f3, enfatizando que el equipo mantiene un buen clima interno.<\/p>\n\n\n\n<p>Gim\u00e9nez expres\u00f3 su gratitud hacia Gerardo Martino, quien lo convoc\u00f3 a la selecci\u00f3n mayor a los 18 a\u00f1os, aunque no lo llev\u00f3 al Mundial. Adem\u00e1s, elogi\u00f3 la confianza de Jaime Lozano y destac\u00f3 la jerarqu\u00eda de Javier Aguirre y su cuerpo t\u00e9cnico, mencionando a Rafael M\u00e1rquez como parte fundamental del equipo.<\/p>\n","protected":false},"excerpt":{"rendered":"<p>Santiago Gim\u00e9nez, delantero del Feyenoord, se pronunci\u00f3 sobre su experiencia con los entrenadores de la Selecci\u00f3n Mexicana, enfoc\u00e1ndose en Diego Cocca. Seg\u00fan Gim\u00e9nez, tras la salida de Cocca, algunas declaraciones parec\u00edan estar dirigidas injustamente hacia los jugadores. \u201cSiento que Cocca se agarr\u00f3 un poco contra los jugadores, cuando no ten\u00edamos nada que ver\u201d, afirm\u00f3, desmintiendo [&hellip;]<\/p>\n","protected":false},"author":1,"featured_media":3515,"comment_status":"open","ping_status":"open","sticky":false,"template":"","format":"standard","meta":{"footnotes":""},"categories":[6],"tags":[],"class_list":["post-3514","post","type-post","status-publish","format-standard","has-post-thumbnail","hentry","category-deportes"],"blog_post_layout_featured_media_urls":{"thumbnail":["https:\/\/elregionaldigital.info\/wp-content\/uploads\/2024\/10\/GimenezEFE-750x500-1-150x150.webp",150,150,true],"full":["https:\/\/elregionaldigital.info\/wp-content\/uploads\/2024\/10\/GimenezEFE-750x500-1.webp",750,500,false]},"categories_names":{"6":{"name":"Deportes","link":"https:\/\/elregionaldigital.info\/?cat=6"}},"tags_names":[],"comments_number":"0","wpmagazine_modules_lite_featured_media_urls":{"thumbnail":["https:\/\/elregionaldigital.info\/wp-content\/uploads\/2024\/10\/GimenezEFE-750x500-1-150x150.webp",150,150,true],"cvmm-medium":["https:\/\/elregionaldigital.info\/wp-content\/uploads\/2024\/10\/GimenezEFE-750x500-1-300x300.webp",300,300,true],"cvmm-medium-plus":["https:\/\/elregionaldigital.info\/wp-content\/uploads\/2024\/10\/GimenezEFE-750x500-1-305x207.webp",305,207,true],"cvmm-portrait":["https:\/\/elregionaldigital.info\/wp-content\/uploads\/2024\/10\/GimenezEFE-750x500-1-400x500.webp",400,500,true],"cvmm-medium-square":["https:\/\/elregionaldigital.info\/wp-content\/uploads\/2024\/10\/GimenezEFE-750x500-1-600x500.webp",600,500,true],"cvmm-large":["https:\/\/elregionaldigital.info\/wp-content\/uploads\/2024\/10\/GimenezEFE-750x500-1.webp",750,500,false],"cvmm-small":["https:\/\/elregionaldigital.info\/wp-content\/uploads\/2024\/10\/GimenezEFE-750x500-1-130x95.webp",130,95,true],"full":["https:\/\/elregionaldigital.info\/wp-content\/uploads\/2024\/10\/GimenezEFE-750x500-1.webp",750,500,false]},"_links":{"self":[{"href":"https:\/\/elregionaldigital.info\/index.php?rest_route=\/wp\/v2\/posts\/3514","targetHints":{"allow":["GET"]}}],"collection":[{"href":"https:\/\/elregionaldigital.info\/index.php?rest_route=\/wp\/v2\/posts"}],"about":[{"href":"https:\/\/elregionaldigital.info\/index.php?rest_route=\/wp\/v2\/types\/post"}],"author":[{"embeddable":true,"href":"https:\/\/elregionaldigital.info\/index.php?rest_route=\/wp\/v2\/users\/1"}],"replies":[{"embeddable":true,"href":"https:\/\/elregionaldigital.info\/index.php?rest_route=%2Fwp%2Fv2%2Fcomments&post=3514"}],"version-history":[{"count":1,"href":"https:\/\/elregionaldigital.info\/index.php?rest_route=\/wp\/v2\/posts\/3514\/revisions"}],"predecessor-version":[{"id":3516,"href":"https:\/\/elregionaldigital.info\/index.php?rest_route=\/wp\/v2\/posts\/3514\/revisions\/3516"}],"wp:featuredmedia":[{"embeddable":true,"href":"https:\/\/elregionaldigital.info\/index.php?rest_route=\/wp\/v2\/media\/3515"}],"wp:attachment":[{"href":"https:\/\/elregionaldigital.info\/index.php?rest_route=%2Fwp%2Fv2%2Fmedia&parent=3514"}],"wp:term":[{"taxonomy":"category","embeddable":true,"href":"https:\/\/elregionaldigital.info\/index.php?rest_route=%2Fwp%2Fv2%2Fcategories&post=3514"},{"taxonomy":"post_tag","embeddable":true,"href":"https:\/\/elregionaldigital.info\/index.php?rest_route=%2Fwp%2Fv2%2Ftags&post=3514"}],"curies":[{"name":"wp","href":"https:\/\/api.w.org\/{rel}","templated":true}]}}