{"id":3506,"date":"2024-10-01T14:51:04","date_gmt":"2024-10-01T14:51:04","guid":{"rendered":"http:\/\/elregionaldigital.info\/?p=3506"},"modified":"2024-10-03T14:53:11","modified_gmt":"2024-10-03T14:53:11","slug":"la-primera-mujer-presidenta-de-mexico-para-el-sexenio-de-2024-a-2030","status":"publish","type":"post","link":"https:\/\/elregionaldigital.info\/?p=3506","title":{"rendered":"La primera mujer presidenta de M\u00e9xico\u00a0para el sexenio de 2024 a 2030"},"content":{"rendered":"\n<p>La presidenta electa de M\u00e9xico, Claudia Sheinbaum, toma posesi\u00f3n este martes como\u00a0<strong>la primera mujer presidenta de M\u00e9xico<\/strong>\u00a0para el sexenio de 2024 a 2030.<\/p>\n\n\n\n<p>Claudia Sheinbaum asume el cargo con la tarea encomendada de continuar con la &#8216;Cuarta Transformaci\u00f3n&#8217;, as\u00ed como de hacer frente a los\u00a0<strong>retos end\u00e9micos<\/strong>\u00a0de la sociedad mexicana, como la lucha contra el narcotr\u00e1fico, o los feminicidios, y todo ello con la alargada estela que deja tras de s\u00ed el anterior mandatario, Andr\u00e9s Manuel L\u00f3pez Obrador.<\/p>\n\n\n\n<p>Asimismo, deber\u00e1 continuar por la ruta trazada por un Andr\u00e9s L\u00f3pez Obrador que deja&nbsp;<strong>casi 20 reformas pendientes de su aprobaci\u00f3n<\/strong>, entre ellas las de universalizar las pensiones, la salud, la educaci\u00f3n, la subida de salarios, o la prohibici\u00f3n del maltrato animal y el comercio de drogas qu\u00edmicas.<\/p>\n\n\n\n<p>Sheinbaum gan\u00f3 holgadamente las elecciones presidenciales de junio, con un 61,18&nbsp;% de votos. Su perfil, m\u00e1s anal\u00edtico y prudente para muchos, difiere del de su predecesor, a quien se le ha acusado de populista y en ocasiones hasta de paternalista con las mujeres.<\/p>\n","protected":false},"excerpt":{"rendered":"<p>La presidenta electa de M\u00e9xico, Claudia Sheinbaum, toma posesi\u00f3n este martes como\u00a0la primera mujer presidenta de M\u00e9xico\u00a0para el sexenio de 2024 a 2030. Claudia Sheinbaum asume el cargo con la tarea encomendada de continuar con la &#8216;Cuarta Transformaci\u00f3n&#8217;, as\u00ed como de hacer frente a los\u00a0retos end\u00e9micos\u00a0de la sociedad mexicana, como la lucha contra el narcotr\u00e1fico, [&hellip;]<\/p>\n","protected":false},"author":1,"featured_media":3507,"comment_status":"open","ping_status":"open","sticky":false,"template":"","format":"standard","meta":{"footnotes":""},"categories":[5],"tags":[],"class_list":["post-3506","post","type-post","status-publish","format-standard","has-post-thumbnail","hentry","category-nacional"],"blog_post_layout_featured_media_urls":{"thumbnail":["https:\/\/elregionaldigital.info\/wp-content\/uploads\/2024\/10\/75474973007-si-10-150x150.webp",150,150,true],"full":["https:\/\/elregionaldigital.info\/wp-content\/uploads\/2024\/10\/75474973007-si-10.webp",660,371,false]},"categories_names":{"5":{"name":"Nacional","link":"https:\/\/elregionaldigital.info\/?cat=5"}},"tags_names":[],"comments_number":"0","wpmagazine_modules_lite_featured_media_urls":{"thumbnail":["https:\/\/elregionaldigital.info\/wp-content\/uploads\/2024\/10\/75474973007-si-10-150x150.webp",150,150,true],"cvmm-medium":["https:\/\/elregionaldigital.info\/wp-content\/uploads\/2024\/10\/75474973007-si-10-300x300.webp",300,300,true],"cvmm-medium-plus":["https:\/\/elregionaldigital.info\/wp-content\/uploads\/2024\/10\/75474973007-si-10-305x207.webp",305,207,true],"cvmm-portrait":["https:\/\/elregionaldigital.info\/wp-content\/uploads\/2024\/10\/75474973007-si-10-400x371.webp",400,371,true],"cvmm-medium-square":["https:\/\/elregionaldigital.info\/wp-content\/uploads\/2024\/10\/75474973007-si-10-600x371.webp",600,371,true],"cvmm-large":["https:\/\/elregionaldigital.info\/wp-content\/uploads\/2024\/10\/75474973007-si-10.webp",660,371,false],"cvmm-small":["https:\/\/elregionaldigital.info\/wp-content\/uploads\/2024\/10\/75474973007-si-10-130x95.webp",130,95,true],"full":["https:\/\/elregionaldigital.info\/wp-content\/uploads\/2024\/10\/75474973007-si-10.webp",660,371,false]},"_links":{"self":[{"href":"https:\/\/elregionaldigital.info\/index.php?rest_route=\/wp\/v2\/posts\/3506","targetHints":{"allow":["GET"]}}],"collection":[{"href":"https:\/\/elregionaldigital.info\/index.php?rest_route=\/wp\/v2\/posts"}],"about":[{"href":"https:\/\/elregionaldigital.info\/index.php?rest_route=\/wp\/v2\/types\/post"}],"author":[{"embeddable":true,"href":"https:\/\/elregionaldigital.info\/index.php?rest_route=\/wp\/v2\/users\/1"}],"replies":[{"embeddable":true,"href":"https:\/\/elregionaldigital.info\/index.php?rest_route=%2Fwp%2Fv2%2Fcomments&post=3506"}],"version-history":[{"count":2,"href":"https:\/\/elregionaldigital.info\/index.php?rest_route=\/wp\/v2\/posts\/3506\/revisions"}],"predecessor-version":[{"id":3510,"href":"https:\/\/elregionaldigital.info\/index.php?rest_route=\/wp\/v2\/posts\/3506\/revisions\/3510"}],"wp:featuredmedia":[{"embeddable":true,"href":"https:\/\/elregionaldigital.info\/index.php?rest_route=\/wp\/v2\/media\/3507"}],"wp:attachment":[{"href":"https:\/\/elregionaldigital.info\/index.php?rest_route=%2Fwp%2Fv2%2Fmedia&parent=3506"}],"wp:term":[{"taxonomy":"category","embeddable":true,"href":"https:\/\/elregionaldigital.info\/index.php?rest_route=%2Fwp%2Fv2%2Fcategories&post=3506"},{"taxonomy":"post_tag","embeddable":true,"href":"https:\/\/elregionaldigital.info\/index.php?rest_route=%2Fwp%2Fv2%2Ftags&post=3506"}],"curies":[{"name":"wp","href":"https:\/\/api.w.org\/{rel}","templated":true}]}}