{"id":3503,"date":"2024-10-02T14:02:13","date_gmt":"2024-10-02T14:02:13","guid":{"rendered":"http:\/\/elregionaldigital.info\/?p=3503"},"modified":"2024-10-03T14:02:44","modified_gmt":"2024-10-03T14:02:44","slug":"instituto-de-energia-de-la-uat-impulsara-la-investigacion-y-el-desarrollo-regional","status":"publish","type":"post","link":"https:\/\/elregionaldigital.info\/?p=3503","title":{"rendered":"Instituto de Energ\u00eda de la UAT impulsar\u00e1 la investigaci\u00f3n y el desarrollo regional"},"content":{"rendered":"\n<p><\/p>\n\n\n\n<p>Con la creaci\u00f3n del Instituto de Energ\u00eda, la Universidad Aut\u00f3noma de Tamaulipas<br>(UAT) contribuir\u00e1 con la Secretar\u00eda de Desarrollo Energ\u00e9tico del Gobierno del<br>Estado, a impulsar la investigaci\u00f3n, el desarrollo tecnol\u00f3gico y la formaci\u00f3n<br>especializada de recursos humanos en ese sector.<br>Por iniciativa del rector de la UAT, D\u00e1maso Anaya Alvarado, este nuevo<br>organismo universitario surge con una visi\u00f3n planteada para promover el<br>desarrollo energ\u00e9tico sustentable en la entidad.<br>Ubicado en el Centro Universitario Sur de la UAT (Campus Tampico), el<br>Instituto de Energ\u00eda estar\u00e1 colaborando mediante sus investigadores y<br>especialistas en diversos proyectos del Gobierno de Tamaulipas.<br>Entre estos se destaca el dise\u00f1o de estrategias para cubrir con energ\u00eda<br>el\u00e9ctrica viviendas ubicadas en zonas rurales donde econ\u00f3micamente es poco<br>factible llevar una l\u00ednea de abastecimiento.<br>De igual manera, se prev\u00e9 ofrecer servicios especializados en el Corredor<br>Industrial del Sur de Tamaulipas, que cuenta con m\u00e1s de diez empresas del ramo<br>de hidrocarburos.<br>Tambi\u00e9n se plantea ofrecer en el municipio de Reynosa an\u00e1lisis ambientales<br>espec\u00edficos y las respectivas propuestas para el desarrollo urbano.<br>Por otro lado, la UAT colabora con el Gobierno del Estado y la empresa<br>petrolera Woodside que tiene a su cargo el Proyecto TRION, no solamente desde<br>la perspectiva energ\u00e9tica y de hidrocarburos, sino tambi\u00e9n en la promoci\u00f3n de<br>nuevos conocimientos que beneficien a las comunidades de las zonas costeras.<br>Se busca tambi\u00e9n colaborar en una planta de fertilizantes, promoviendo el uso<br>de energ\u00edas limpias para obtener hidr\u00f3geno, as\u00ed como en el parque fotovoltaico en<br>el municipio de Tula.<\/p>\n\n\n\n<p>Asimismo, se contempla la participaci\u00f3n del Instituto de Energ\u00eda de la UAT en<br>la b\u00fasqueda de yacimientos de litio, y la exploraci\u00f3n de hidrocarburos, as\u00ed como<br>en el uso de residuos de perforaci\u00f3n no peligrosos.<\/p>\n","protected":false},"excerpt":{"rendered":"<p>Con la creaci\u00f3n del Instituto de Energ\u00eda, la Universidad Aut\u00f3noma de Tamaulipas(UAT) contribuir\u00e1 con la Secretar\u00eda de Desarrollo Energ\u00e9tico del Gobierno delEstado, a impulsar la investigaci\u00f3n, el desarrollo tecnol\u00f3gico y la formaci\u00f3nespecializada de recursos humanos en ese sector.Por iniciativa del rector de la UAT, D\u00e1maso Anaya Alvarado, este nuevoorganismo universitario surge con una visi\u00f3n planteada [&hellip;]<\/p>\n","protected":false},"author":1,"featured_media":3504,"comment_status":"open","ping_status":"open","sticky":false,"template":"","format":"standard","meta":{"footnotes":""},"categories":[4],"tags":[],"class_list":["post-3503","post","type-post","status-publish","format-standard","has-post-thumbnail","hentry","category-universidades"],"blog_post_layout_featured_media_urls":{"thumbnail":["https:\/\/elregionaldigital.info\/wp-content\/uploads\/2024\/10\/02-150x150.jpg",150,150,true],"full":["https:\/\/elregionaldigital.info\/wp-content\/uploads\/2024\/10\/02.jpg",2453,1380,false]},"categories_names":{"4":{"name":"Universidades","link":"https:\/\/elregionaldigital.info\/?cat=4"}},"tags_names":[],"comments_number":"0","wpmagazine_modules_lite_featured_media_urls":{"thumbnail":["https:\/\/elregionaldigital.info\/wp-content\/uploads\/2024\/10\/02-150x150.jpg",150,150,true],"cvmm-medium":["https:\/\/elregionaldigital.info\/wp-content\/uploads\/2024\/10\/02-300x300.jpg",300,300,true],"cvmm-medium-plus":["https:\/\/elregionaldigital.info\/wp-content\/uploads\/2024\/10\/02-305x207.jpg",305,207,true],"cvmm-portrait":["https:\/\/elregionaldigital.info\/wp-content\/uploads\/2024\/10\/02-400x600.jpg",400,600,true],"cvmm-medium-square":["https:\/\/elregionaldigital.info\/wp-content\/uploads\/2024\/10\/02-600x600.jpg",600,600,true],"cvmm-large":["https:\/\/elregionaldigital.info\/wp-content\/uploads\/2024\/10\/02-1024x1024.jpg",1024,1024,true],"cvmm-small":["https:\/\/elregionaldigital.info\/wp-content\/uploads\/2024\/10\/02-130x95.jpg",130,95,true],"full":["https:\/\/elregionaldigital.info\/wp-content\/uploads\/2024\/10\/02.jpg",2453,1380,false]},"_links":{"self":[{"href":"https:\/\/elregionaldigital.info\/index.php?rest_route=\/wp\/v2\/posts\/3503","targetHints":{"allow":["GET"]}}],"collection":[{"href":"https:\/\/elregionaldigital.info\/index.php?rest_route=\/wp\/v2\/posts"}],"about":[{"href":"https:\/\/elregionaldigital.info\/index.php?rest_route=\/wp\/v2\/types\/post"}],"author":[{"embeddable":true,"href":"https:\/\/elregionaldigital.info\/index.php?rest_route=\/wp\/v2\/users\/1"}],"replies":[{"embeddable":true,"href":"https:\/\/elregionaldigital.info\/index.php?rest_route=%2Fwp%2Fv2%2Fcomments&post=3503"}],"version-history":[{"count":1,"href":"https:\/\/elregionaldigital.info\/index.php?rest_route=\/wp\/v2\/posts\/3503\/revisions"}],"predecessor-version":[{"id":3505,"href":"https:\/\/elregionaldigital.info\/index.php?rest_route=\/wp\/v2\/posts\/3503\/revisions\/3505"}],"wp:featuredmedia":[{"embeddable":true,"href":"https:\/\/elregionaldigital.info\/index.php?rest_route=\/wp\/v2\/media\/3504"}],"wp:attachment":[{"href":"https:\/\/elregionaldigital.info\/index.php?rest_route=%2Fwp%2Fv2%2Fmedia&parent=3503"}],"wp:term":[{"taxonomy":"category","embeddable":true,"href":"https:\/\/elregionaldigital.info\/index.php?rest_route=%2Fwp%2Fv2%2Fcategories&post=3503"},{"taxonomy":"post_tag","embeddable":true,"href":"https:\/\/elregionaldigital.info\/index.php?rest_route=%2Fwp%2Fv2%2Ftags&post=3503"}],"curies":[{"name":"wp","href":"https:\/\/api.w.org\/{rel}","templated":true}]}}