{"id":3497,"date":"2024-09-30T13:33:44","date_gmt":"2024-09-30T13:33:44","guid":{"rendered":"http:\/\/elregionaldigital.info\/?p=3497"},"modified":"2024-10-02T13:34:31","modified_gmt":"2024-10-02T13:34:31","slug":"destaca-la-uat-con-primeros-lugares-en-el-concurso-estatal-transparencia-en-corto-2024","status":"publish","type":"post","link":"https:\/\/elregionaldigital.info\/?p=3497","title":{"rendered":"Destaca la UAT con primeros lugares en el Concurso Estatal Transparencia en Corto 2024"},"content":{"rendered":"\n<p><\/p>\n\n\n\n<p>El Primer Concurso Estatal Transparencia en Corto, organizado por la Contralor\u00eda<br>Gubernamental del Estado, otorg\u00f3 los primeros lugares, en distintas categor\u00edas del<br>certamen, a Mar\u00eda Guadalupe Zurita Calixto y a Pablo Emiliano Turrubiates<br>Hern\u00e1ndez, egresada y estudiante, respectivamente, de la Universidad Aut\u00f3noma<br>de Tamaulipas (UAT).<br>La ceremonia de premiaci\u00f3n tuvo lugar el 27 de septiembre en la Cineteca<br>del Centro Cultural Tamaulipas, donde los ganadores recibieron reconocimientos,<br>premios en efectivo y su pase a la etapa nacional del certamen.<br>Este concurso busca fomentar la participaci\u00f3n juvenil en la creaci\u00f3n de<br>cortometrajes sobre el tema de la transparencia, promoviendo el uso correcto de<br>las redes de informaci\u00f3n en el contexto gubernamental.<br>En la categor\u00eda de 19 a 25 a\u00f1os, Mar\u00eda Guadalupe, reci\u00e9n egresada de la<br>carrera de Ciencias de la Comunicaci\u00f3n de la Facultad de Derecho y Ciencias<br>Sociales Victoria, destac\u00f3 con su cortometraje Un aliado fuera de serie, que ofrece<br>un enfoque din\u00e1mico utilizando la creatividad para informar de manera m\u00e1s<br>accesible c\u00f3mo la tecnolog\u00eda puede ser una aliada de la transparencia.<br>En la ceremonia de premiaci\u00f3n, Mar\u00eda Guadalupe estuvo acompa\u00f1ada por<br>Javier Eduardo Gonz\u00e1lez \u00c1vila, quien tambi\u00e9n form\u00f3 parte del equipo de<br>producci\u00f3n. Ambos expresaron su agradecimiento a la UAT por el apoyo y por<br>facilitar las instalaciones necesarias para la grabaci\u00f3n, lo que demuestra el apoyo<br>institucional en la promoci\u00f3n de proyectos creativos dentro de la Universidad.<br>En la categor\u00eda de 15 a 18 a\u00f1os, el alumno Pablo Emiliano Turrubiates<br>Hern\u00e1ndez obtuvo el primer lugar con su cortometraje El uso, enfocado en la<br>utilizaci\u00f3n responsable de las redes sociales.<br>Su participaci\u00f3n le permiti\u00f3 obtener una visi\u00f3n m\u00e1s clara de la direcci\u00f3n y los<\/p>\n\n\n\n<p>aspectos t\u00e9cnicos de la producci\u00f3n audiovisual.<br>Pablo Emiliano, quien es alumno de primer semestre de Ciencias de la<br>Comunicaci\u00f3n de la Facultad de Derecho y Ciencias Sociales Tampico, agradeci\u00f3<br>la oportunidad de participar y la experiencia adquirida a lo largo del proceso,<br>destacando el apoyo recibido en las instalaciones de la UAT para llevar a cabo la<br>grabaci\u00f3n de su cortometraje.<br>La ceremonia fue presidida por diversas autoridades, entre ellas el Ing.<br>\u00d3scar Azahel Rodr\u00edguez Perales, director general del Instituto de la Juventud de<br>Tamaulipas; el cineasta tamaulipeco Antonio Rotuno y la Mtra. Guadalupe<br>Hern\u00e1ndez Tinajero, secretaria t\u00e9cnica de la Contralor\u00eda Gubernamental de<br>Tamaulipas, quienes enfatizaron la importancia de estos concursos para promover<br>la creatividad y el talento joven en la regi\u00f3n.<br>Este reconocimiento resalta el esfuerzo individual de los estudiantes de la<br>UAT y el compromiso institucional de la Universidad con la formaci\u00f3n integral de<br>sus alumnos, que se refleja en la provisi\u00f3n de espacios y herramientas que<br>permiten su crecimiento art\u00edstico y acad\u00e9mico.<\/p>\n","protected":false},"excerpt":{"rendered":"<p>El Primer Concurso Estatal Transparencia en Corto, organizado por la Contralor\u00edaGubernamental del Estado, otorg\u00f3 los primeros lugares, en distintas categor\u00edas delcertamen, a Mar\u00eda Guadalupe Zurita Calixto y a Pablo Emiliano TurrubiatesHern\u00e1ndez, egresada y estudiante, respectivamente, de la Universidad Aut\u00f3nomade Tamaulipas (UAT).La ceremonia de premiaci\u00f3n tuvo lugar el 27 de septiembre en la Cinetecadel Centro Cultural [&hellip;]<\/p>\n","protected":false},"author":1,"featured_media":3498,"comment_status":"open","ping_status":"open","sticky":false,"template":"","format":"standard","meta":{"footnotes":""},"categories":[4],"tags":[],"class_list":["post-3497","post","type-post","status-publish","format-standard","has-post-thumbnail","hentry","category-universidades"],"blog_post_layout_featured_media_urls":{"thumbnail":["https:\/\/elregionaldigital.info\/wp-content\/uploads\/2024\/10\/1-1-150x150.jpeg",150,150,true],"full":["https:\/\/elregionaldigital.info\/wp-content\/uploads\/2024\/10\/1-1.jpeg",1600,1066,false]},"categories_names":{"4":{"name":"Universidades","link":"https:\/\/elregionaldigital.info\/?cat=4"}},"tags_names":[],"comments_number":"0","wpmagazine_modules_lite_featured_media_urls":{"thumbnail":["https:\/\/elregionaldigital.info\/wp-content\/uploads\/2024\/10\/1-1-150x150.jpeg",150,150,true],"cvmm-medium":["https:\/\/elregionaldigital.info\/wp-content\/uploads\/2024\/10\/1-1-300x300.jpeg",300,300,true],"cvmm-medium-plus":["https:\/\/elregionaldigital.info\/wp-content\/uploads\/2024\/10\/1-1-305x207.jpeg",305,207,true],"cvmm-portrait":["https:\/\/elregionaldigital.info\/wp-content\/uploads\/2024\/10\/1-1-400x600.jpeg",400,600,true],"cvmm-medium-square":["https:\/\/elregionaldigital.info\/wp-content\/uploads\/2024\/10\/1-1-600x600.jpeg",600,600,true],"cvmm-large":["https:\/\/elregionaldigital.info\/wp-content\/uploads\/2024\/10\/1-1-1024x1024.jpeg",1024,1024,true],"cvmm-small":["https:\/\/elregionaldigital.info\/wp-content\/uploads\/2024\/10\/1-1-130x95.jpeg",130,95,true],"full":["https:\/\/elregionaldigital.info\/wp-content\/uploads\/2024\/10\/1-1.jpeg",1600,1066,false]},"_links":{"self":[{"href":"https:\/\/elregionaldigital.info\/index.php?rest_route=\/wp\/v2\/posts\/3497","targetHints":{"allow":["GET"]}}],"collection":[{"href":"https:\/\/elregionaldigital.info\/index.php?rest_route=\/wp\/v2\/posts"}],"about":[{"href":"https:\/\/elregionaldigital.info\/index.php?rest_route=\/wp\/v2\/types\/post"}],"author":[{"embeddable":true,"href":"https:\/\/elregionaldigital.info\/index.php?rest_route=\/wp\/v2\/users\/1"}],"replies":[{"embeddable":true,"href":"https:\/\/elregionaldigital.info\/index.php?rest_route=%2Fwp%2Fv2%2Fcomments&post=3497"}],"version-history":[{"count":1,"href":"https:\/\/elregionaldigital.info\/index.php?rest_route=\/wp\/v2\/posts\/3497\/revisions"}],"predecessor-version":[{"id":3499,"href":"https:\/\/elregionaldigital.info\/index.php?rest_route=\/wp\/v2\/posts\/3497\/revisions\/3499"}],"wp:featuredmedia":[{"embeddable":true,"href":"https:\/\/elregionaldigital.info\/index.php?rest_route=\/wp\/v2\/media\/3498"}],"wp:attachment":[{"href":"https:\/\/elregionaldigital.info\/index.php?rest_route=%2Fwp%2Fv2%2Fmedia&parent=3497"}],"wp:term":[{"taxonomy":"category","embeddable":true,"href":"https:\/\/elregionaldigital.info\/index.php?rest_route=%2Fwp%2Fv2%2Fcategories&post=3497"},{"taxonomy":"post_tag","embeddable":true,"href":"https:\/\/elregionaldigital.info\/index.php?rest_route=%2Fwp%2Fv2%2Ftags&post=3497"}],"curies":[{"name":"wp","href":"https:\/\/api.w.org\/{rel}","templated":true}]}}