{"id":3488,"date":"2024-09-27T14:05:19","date_gmt":"2024-09-27T14:05:19","guid":{"rendered":"http:\/\/elregionaldigital.info\/?p=3488"},"modified":"2024-09-30T14:05:52","modified_gmt":"2024-09-30T14:05:52","slug":"de-correcaminos-a-la-seleccion-nacional-un-futuro-prometedor","status":"publish","type":"post","link":"https:\/\/elregionaldigital.info\/?p=3488","title":{"rendered":"De Correcaminos a la Selecci\u00f3n Nacional: Un futuro prometedor"},"content":{"rendered":"\n<p><br>\uf0b7 El proyecto del rector de la UAT, D\u00e1maso Anaya, est\u00e1 rindiendo frutos.<br>Con tan solo diecis\u00e9is a\u00f1os, Heber Osmar Vel\u00e1zquez S\u00e1nchez fue convocado<br>para integrarse a la Selecci\u00f3n Nacional de M\u00e9xico Sub-18, para participar en tres<br>partidos internacionales que se llevar\u00e1n a cabo en Pa\u00edses Bajos.<br>El joven, que apenas el pasado 22 de agosto debut\u00f3 con el primer equipo de<br>Correcaminos en la Liga de Expansi\u00f3n, ha sido llamado para concentrarse este 6<br>de octubre en la Ciudad de M\u00e9xico, e integrarse al seleccionado nacional que<br>estar\u00e1 jugando tres partidos amistosos internacionales:<br>1) 9 de octubre. M\u00e9xico vs PSV Sub-19. PSV Campus de Herdgang, Pa\u00edses Bajos.<br>2) 12 de octubre. M\u00e9xico vs TBC.<br>3) 15 de octubre. M\u00e9xico vs Feyenoord Rotterdam Sub-19. Sportcomplex<br>Varkenoord, Pa\u00edses Bajos.<br>Este joven talento ha marcado historia en el f\u00fatbol. Su debut en la Tercera<br>Divisi\u00f3n el 22 de septiembre de 2023 fue solo el comienzo, participando en once<br>partidos. En enero de 2024, dio el siguiente paso, al debutar en la Premier, donde<br>jug\u00f3 quince encuentros, y finalmente, el 22 de agosto del presente a\u00f1o, debut\u00f3 en<br>el primer equipo de Correcaminos en la Liga de Expansi\u00f3n, sumando ya tres<br>partidos.<br>Este impresionante progreso lo ha convertido en el jugador m\u00e1s joven en<br>debutar en la Liga de Expansi\u00f3n, un logro que no pas\u00f3 desapercibido para la<br>Selecci\u00f3n Nacional Sub-18. Ahora formar\u00e1 parte de una gira por Europa,<br>enfrent\u00e1ndose a grandes rivales en tres partidos amistosos.<br>Estos logros son un reflejo claro del compromiso de la UAT y el respaldo<br>incondicional del rector, MVZ D\u00e1maso Anaya Alvarado, hacia el desarrollo de los<br>j\u00f3venes talentos. Un proyecto que ya est\u00e1 rindiendo frutos, llevando el nombre de<br>la Universidad Aut\u00f3noma de Tamaulipas a lo m\u00e1s alto.<\/p>\n","protected":false},"excerpt":{"rendered":"<p>\uf0b7 El proyecto del rector de la UAT, D\u00e1maso Anaya, est\u00e1 rindiendo frutos.Con tan solo diecis\u00e9is a\u00f1os, Heber Osmar Vel\u00e1zquez S\u00e1nchez fue convocadopara integrarse a la Selecci\u00f3n Nacional de M\u00e9xico Sub-18, para participar en trespartidos internacionales que se llevar\u00e1n a cabo en Pa\u00edses Bajos.El joven, que apenas el pasado 22 de agosto debut\u00f3 con el [&hellip;]<\/p>\n","protected":false},"author":1,"featured_media":3489,"comment_status":"open","ping_status":"open","sticky":false,"template":"","format":"standard","meta":{"footnotes":""},"categories":[6,4],"tags":[],"class_list":["post-3488","post","type-post","status-publish","format-standard","has-post-thumbnail","hentry","category-deportes","category-universidades"],"blog_post_layout_featured_media_urls":{"thumbnail":["https:\/\/elregionaldigital.info\/wp-content\/uploads\/2024\/09\/cr1a-150x150.jpg",150,150,true],"full":["https:\/\/elregionaldigital.info\/wp-content\/uploads\/2024\/09\/cr1a.jpg",1734,2397,false]},"categories_names":{"6":{"name":"Deportes","link":"https:\/\/elregionaldigital.info\/?cat=6"},"4":{"name":"Universidades","link":"https:\/\/elregionaldigital.info\/?cat=4"}},"tags_names":[],"comments_number":"0","wpmagazine_modules_lite_featured_media_urls":{"thumbnail":["https:\/\/elregionaldigital.info\/wp-content\/uploads\/2024\/09\/cr1a-150x150.jpg",150,150,true],"cvmm-medium":["https:\/\/elregionaldigital.info\/wp-content\/uploads\/2024\/09\/cr1a-300x300.jpg",300,300,true],"cvmm-medium-plus":["https:\/\/elregionaldigital.info\/wp-content\/uploads\/2024\/09\/cr1a-305x207.jpg",305,207,true],"cvmm-portrait":["https:\/\/elregionaldigital.info\/wp-content\/uploads\/2024\/09\/cr1a-400x600.jpg",400,600,true],"cvmm-medium-square":["https:\/\/elregionaldigital.info\/wp-content\/uploads\/2024\/09\/cr1a-600x600.jpg",600,600,true],"cvmm-large":["https:\/\/elregionaldigital.info\/wp-content\/uploads\/2024\/09\/cr1a-1024x1024.jpg",1024,1024,true],"cvmm-small":["https:\/\/elregionaldigital.info\/wp-content\/uploads\/2024\/09\/cr1a-130x95.jpg",130,95,true],"full":["https:\/\/elregionaldigital.info\/wp-content\/uploads\/2024\/09\/cr1a.jpg",1734,2397,false]},"_links":{"self":[{"href":"https:\/\/elregionaldigital.info\/index.php?rest_route=\/wp\/v2\/posts\/3488","targetHints":{"allow":["GET"]}}],"collection":[{"href":"https:\/\/elregionaldigital.info\/index.php?rest_route=\/wp\/v2\/posts"}],"about":[{"href":"https:\/\/elregionaldigital.info\/index.php?rest_route=\/wp\/v2\/types\/post"}],"author":[{"embeddable":true,"href":"https:\/\/elregionaldigital.info\/index.php?rest_route=\/wp\/v2\/users\/1"}],"replies":[{"embeddable":true,"href":"https:\/\/elregionaldigital.info\/index.php?rest_route=%2Fwp%2Fv2%2Fcomments&post=3488"}],"version-history":[{"count":1,"href":"https:\/\/elregionaldigital.info\/index.php?rest_route=\/wp\/v2\/posts\/3488\/revisions"}],"predecessor-version":[{"id":3490,"href":"https:\/\/elregionaldigital.info\/index.php?rest_route=\/wp\/v2\/posts\/3488\/revisions\/3490"}],"wp:featuredmedia":[{"embeddable":true,"href":"https:\/\/elregionaldigital.info\/index.php?rest_route=\/wp\/v2\/media\/3489"}],"wp:attachment":[{"href":"https:\/\/elregionaldigital.info\/index.php?rest_route=%2Fwp%2Fv2%2Fmedia&parent=3488"}],"wp:term":[{"taxonomy":"category","embeddable":true,"href":"https:\/\/elregionaldigital.info\/index.php?rest_route=%2Fwp%2Fv2%2Fcategories&post=3488"},{"taxonomy":"post_tag","embeddable":true,"href":"https:\/\/elregionaldigital.info\/index.php?rest_route=%2Fwp%2Fv2%2Ftags&post=3488"}],"curies":[{"name":"wp","href":"https:\/\/api.w.org\/{rel}","templated":true}]}}