{"id":3485,"date":"2024-09-27T13:41:41","date_gmt":"2024-09-27T13:41:41","guid":{"rendered":"http:\/\/elregionaldigital.info\/?p=3485"},"modified":"2024-09-30T13:51:42","modified_gmt":"2024-09-30T13:51:42","slug":"impartira-la-uat-maestria-y-diplomados-en-derecho-municipal-y-parlamentario","status":"publish","type":"post","link":"https:\/\/elregionaldigital.info\/?p=3485","title":{"rendered":"Impartir\u00e1 la UAT maestr\u00eda y diplomados en derecho municipal y parlamentario"},"content":{"rendered":"\n<p>La Universidad Aut\u00f3noma de Tamaulipas (UAT) abrir\u00e1 el programa de Maestr\u00eda en<br>Derecho con \u00c9nfasis en Derecho Municipal y Parlamentario, junto con dos<br>programas de diplomados especializados en estas mismas \u00e1reas.<br>Los programas son ofrecidos a trav\u00e9s de la Secretar\u00eda de Investigaci\u00f3n y<br>Posgrado y la Facultad de Derecho y Ciencias Sociales Victoria, con el objetivo de<br>capacitar a servidores p\u00fablicos y profesionistas en la gesti\u00f3n de pol\u00edticas p\u00fablicas<br>y el ejercicio de la funci\u00f3n legislativa.<br>Al respecto, el Dr. Fernando Leal R\u00edos, secretario de Investigaci\u00f3n y Posgrado<br>de la UAT, destac\u00f3 que, en l\u00ednea con la visi\u00f3n del rector D\u00e1maso Anaya Alvarado,<br>estos nuevos programas est\u00e1n enfocados en la formaci\u00f3n de los legisladores y<br>regidores que asumen funciones a partir de este mes de octubre.<br>Resalt\u00f3 tambi\u00e9n la sinergia de la UAT con el Gobierno del Estado, lo que le<br>permite a la casa de estudios aportar su experiencia acad\u00e9mica en la formaci\u00f3n y<br>capacitaci\u00f3n de servidores p\u00fablicos.<br>La maestr\u00eda est\u00e1 dise\u00f1ada para servidores p\u00fablicos municipales y legisladores<br>del Congreso del Estado de Tamaulipas, as\u00ed como para profesionistas de \u00e1reas<br>afines, con el fin de formar expertos con conocimientos en administraci\u00f3n, pol\u00edticas<br>p\u00fablicas y derecho constitucional, capacit\u00e1ndolos para gestionar e implementar<br>pol\u00edticas p\u00fablicas y desarrollar iniciativas de ley en el \u00e1mbito jur\u00eddico municipal y<br>parlamentario.<br>El proceso de recepci\u00f3n de documentos para la maestr\u00eda se iniciar\u00e1 el 14 de<br>octubre, y las clases comenzar\u00e1n en enero de 2025, en modalidad mixta.<br>En complemento, la UAT tambi\u00e9n ofrece dos diplomados: en Derecho<br>Municipal y Derecho Parlamentario, que empezar\u00e1n el 14 de octubre de 2024.<br>Estos diplomados ofrecer\u00e1n una formaci\u00f3n inicial para personas interesadas<\/p>\n\n\n\n<p>en profundizar sus conocimientos en estas \u00e1reas. Para m\u00e1s informaci\u00f3n, contactar<br>a la Divisi\u00f3n de Estudios de Posgrado e Investigaci\u00f3n de la Facultad de Derecho y<br>Ciencias Sociales Victoria, llamando al tel\u00e9fono 834 318 1800, extensi\u00f3n 2709, o<br>enviando un correo electr\u00f3nico a&nbsp;posgradofdcsv@uat.edu.mx.<\/p>\n","protected":false},"excerpt":{"rendered":"<p>La Universidad Aut\u00f3noma de Tamaulipas (UAT) abrir\u00e1 el programa de Maestr\u00eda enDerecho con \u00c9nfasis en Derecho Municipal y Parlamentario, junto con dosprogramas de diplomados especializados en estas mismas \u00e1reas.Los programas son ofrecidos a trav\u00e9s de la Secretar\u00eda de Investigaci\u00f3n yPosgrado y la Facultad de Derecho y Ciencias Sociales Victoria, con el objetivo decapacitar a servidores [&hellip;]<\/p>\n","protected":false},"author":1,"featured_media":3486,"comment_status":"open","ping_status":"open","sticky":false,"template":"","format":"standard","meta":{"footnotes":""},"categories":[4],"tags":[],"class_list":["post-3485","post","type-post","status-publish","format-standard","has-post-thumbnail","hentry","category-universidades"],"blog_post_layout_featured_media_urls":{"thumbnail":["https:\/\/elregionaldigital.info\/wp-content\/uploads\/2024\/09\/1-6-150x150.jpg",150,150,true],"full":["https:\/\/elregionaldigital.info\/wp-content\/uploads\/2024\/09\/1-6-scaled.jpg",2560,1707,false]},"categories_names":{"4":{"name":"Universidades","link":"https:\/\/elregionaldigital.info\/?cat=4"}},"tags_names":[],"comments_number":"0","wpmagazine_modules_lite_featured_media_urls":{"thumbnail":["https:\/\/elregionaldigital.info\/wp-content\/uploads\/2024\/09\/1-6-150x150.jpg",150,150,true],"cvmm-medium":["https:\/\/elregionaldigital.info\/wp-content\/uploads\/2024\/09\/1-6-300x300.jpg",300,300,true],"cvmm-medium-plus":["https:\/\/elregionaldigital.info\/wp-content\/uploads\/2024\/09\/1-6-305x207.jpg",305,207,true],"cvmm-portrait":["https:\/\/elregionaldigital.info\/wp-content\/uploads\/2024\/09\/1-6-400x600.jpg",400,600,true],"cvmm-medium-square":["https:\/\/elregionaldigital.info\/wp-content\/uploads\/2024\/09\/1-6-600x600.jpg",600,600,true],"cvmm-large":["https:\/\/elregionaldigital.info\/wp-content\/uploads\/2024\/09\/1-6-1024x1024.jpg",1024,1024,true],"cvmm-small":["https:\/\/elregionaldigital.info\/wp-content\/uploads\/2024\/09\/1-6-130x95.jpg",130,95,true],"full":["https:\/\/elregionaldigital.info\/wp-content\/uploads\/2024\/09\/1-6-scaled.jpg",2560,1707,false]},"_links":{"self":[{"href":"https:\/\/elregionaldigital.info\/index.php?rest_route=\/wp\/v2\/posts\/3485","targetHints":{"allow":["GET"]}}],"collection":[{"href":"https:\/\/elregionaldigital.info\/index.php?rest_route=\/wp\/v2\/posts"}],"about":[{"href":"https:\/\/elregionaldigital.info\/index.php?rest_route=\/wp\/v2\/types\/post"}],"author":[{"embeddable":true,"href":"https:\/\/elregionaldigital.info\/index.php?rest_route=\/wp\/v2\/users\/1"}],"replies":[{"embeddable":true,"href":"https:\/\/elregionaldigital.info\/index.php?rest_route=%2Fwp%2Fv2%2Fcomments&post=3485"}],"version-history":[{"count":1,"href":"https:\/\/elregionaldigital.info\/index.php?rest_route=\/wp\/v2\/posts\/3485\/revisions"}],"predecessor-version":[{"id":3487,"href":"https:\/\/elregionaldigital.info\/index.php?rest_route=\/wp\/v2\/posts\/3485\/revisions\/3487"}],"wp:featuredmedia":[{"embeddable":true,"href":"https:\/\/elregionaldigital.info\/index.php?rest_route=\/wp\/v2\/media\/3486"}],"wp:attachment":[{"href":"https:\/\/elregionaldigital.info\/index.php?rest_route=%2Fwp%2Fv2%2Fmedia&parent=3485"}],"wp:term":[{"taxonomy":"category","embeddable":true,"href":"https:\/\/elregionaldigital.info\/index.php?rest_route=%2Fwp%2Fv2%2Fcategories&post=3485"},{"taxonomy":"post_tag","embeddable":true,"href":"https:\/\/elregionaldigital.info\/index.php?rest_route=%2Fwp%2Fv2%2Ftags&post=3485"}],"curies":[{"name":"wp","href":"https:\/\/api.w.org\/{rel}","templated":true}]}}