{"id":3482,"date":"2024-09-27T00:43:47","date_gmt":"2024-09-27T00:43:47","guid":{"rendered":"http:\/\/elregionaldigital.info\/?p=3482"},"modified":"2024-09-30T00:44:23","modified_gmt":"2024-09-30T00:44:23","slug":"inaugura-damaso-anaya-la-fiesta-deportiva-del-interfacultades-uat-2024","status":"publish","type":"post","link":"https:\/\/elregionaldigital.info\/?p=3482","title":{"rendered":"Inaugura D\u00e1maso Anaya la fiesta deportiva del Interfacultades UAT 2024"},"content":{"rendered":"\n<p>Con el encendido del pebetero, el rector de la Universidad Aut\u00f3noma de<br>Tamaulipas, MVZ D\u00e1maso Anaya Alvarado, inaugur\u00f3 el Torneo Interfacultades de<br>la UAT 2024 y dio el arranque a esta gran fiesta deportiva de la comunidad<br>estudiantil.<br>Teniendo como escenario el Estadio Universitario Prof. Eugenio Alvizo Porras<br>del Campus Victoria, el rector D\u00e1maso Anaya expres\u00f3 que los Juegos<br>Interfacultades representan la celebraci\u00f3n de la dedicaci\u00f3n, el esfuerzo y el trabajo<br>en equipo que caracteriza e identifica a la comunidad UAT.<br>Acompa\u00f1ado de su esposa, la Lic. Isolda Rend\u00f3n de Anaya, presidenta de<br>Familia UAT, funcionarios de la Rector\u00eda y directivos de las facultades, el MVZ<br>D\u00e1maso Anaya Alvarado puso en marcha de manera simult\u00e1nea el m\u00e1ximo torneo<br>estudiantil de la Universidad en las zonas norte, centro y sur del estado, donde<br>participan m\u00e1s de cinco mil estudiantes deportistas.<br>Como parte del protocolo, el rector encendi\u00f3 el pebetero en compa\u00f1\u00eda de<br>Patricia Joseline Estrada Tirado, alumna de la Facultad de Ciencias de la<br>Educaci\u00f3n y Humanidades, medallista en la Universiada Nacional en la disciplina<br>de taekwondo.<br>El mensaje de agradecimiento y el juramento deportivo estuvieron a cargo de<br>Alejandra Yamile Badillo Varela, estudiante de la Unidad Acad\u00e9mica de Trabajo<br>Social y Ciencias para el Desarrollo Humano, medallista de esgrima en la<br>Universiada Nacional.<br>En la ceremonia, el rector agradeci\u00f3 tambi\u00e9n la presencia de Natalia Monserrat<br>Sarmiento, taekwondista y medallista en la Universiada Nacional, as\u00ed como de<br>Edith Elena de Leija S\u00e1nchez, seleccionada nacional y jugadora profesional de<br>softbol.<\/p>\n\n\n\n<p>El rector les entreg\u00f3 reconocimientos a las cuatro deportistas universitarias por<br>poner muy en alto el nombre de la UAT en las competiciones nacionales, as\u00ed como<br>en torneos internacionales.<br>Luego de la ceremonia de honores a la bandera y al escudo de armas de<br>Tamaulipas, se llev\u00f3 a cabo el desfile de los contingentes representativos de las<br>facultades y unidades acad\u00e9micas de la zona centro del estado, en medio de un<br>gran ambiente deportivo universitario donde, adem\u00e1s, los asistentes disfrutaron de<br>una coreograf\u00eda de baile moderno y la actuaci\u00f3n de un grupo de m\u00fasica norte\u00f1a<\/p>\n","protected":false},"excerpt":{"rendered":"<p>Con el encendido del pebetero, el rector de la Universidad Aut\u00f3noma deTamaulipas, MVZ D\u00e1maso Anaya Alvarado, inaugur\u00f3 el Torneo Interfacultades dela UAT 2024 y dio el arranque a esta gran fiesta deportiva de la comunidadestudiantil.Teniendo como escenario el Estadio Universitario Prof. Eugenio Alvizo Porrasdel Campus Victoria, el rector D\u00e1maso Anaya expres\u00f3 que los JuegosInterfacultades representan [&hellip;]<\/p>\n","protected":false},"author":1,"featured_media":3483,"comment_status":"open","ping_status":"open","sticky":false,"template":"","format":"standard","meta":{"footnotes":""},"categories":[6,4],"tags":[],"class_list":["post-3482","post","type-post","status-publish","format-standard","has-post-thumbnail","hentry","category-deportes","category-universidades"],"blog_post_layout_featured_media_urls":{"thumbnail":["https:\/\/elregionaldigital.info\/wp-content\/uploads\/2024\/09\/WhatsApp-Image-2024-09-27-at-09.09.31-150x150.jpeg",150,150,true],"full":["https:\/\/elregionaldigital.info\/wp-content\/uploads\/2024\/09\/WhatsApp-Image-2024-09-27-at-09.09.31.jpeg",1600,1069,false]},"categories_names":{"6":{"name":"Deportes","link":"https:\/\/elregionaldigital.info\/?cat=6"},"4":{"name":"Universidades","link":"https:\/\/elregionaldigital.info\/?cat=4"}},"tags_names":[],"comments_number":"0","wpmagazine_modules_lite_featured_media_urls":{"thumbnail":["https:\/\/elregionaldigital.info\/wp-content\/uploads\/2024\/09\/WhatsApp-Image-2024-09-27-at-09.09.31-150x150.jpeg",150,150,true],"cvmm-medium":["https:\/\/elregionaldigital.info\/wp-content\/uploads\/2024\/09\/WhatsApp-Image-2024-09-27-at-09.09.31-300x300.jpeg",300,300,true],"cvmm-medium-plus":["https:\/\/elregionaldigital.info\/wp-content\/uploads\/2024\/09\/WhatsApp-Image-2024-09-27-at-09.09.31-305x207.jpeg",305,207,true],"cvmm-portrait":["https:\/\/elregionaldigital.info\/wp-content\/uploads\/2024\/09\/WhatsApp-Image-2024-09-27-at-09.09.31-400x600.jpeg",400,600,true],"cvmm-medium-square":["https:\/\/elregionaldigital.info\/wp-content\/uploads\/2024\/09\/WhatsApp-Image-2024-09-27-at-09.09.31-600x600.jpeg",600,600,true],"cvmm-large":["https:\/\/elregionaldigital.info\/wp-content\/uploads\/2024\/09\/WhatsApp-Image-2024-09-27-at-09.09.31-1024x1024.jpeg",1024,1024,true],"cvmm-small":["https:\/\/elregionaldigital.info\/wp-content\/uploads\/2024\/09\/WhatsApp-Image-2024-09-27-at-09.09.31-130x95.jpeg",130,95,true],"full":["https:\/\/elregionaldigital.info\/wp-content\/uploads\/2024\/09\/WhatsApp-Image-2024-09-27-at-09.09.31.jpeg",1600,1069,false]},"_links":{"self":[{"href":"https:\/\/elregionaldigital.info\/index.php?rest_route=\/wp\/v2\/posts\/3482","targetHints":{"allow":["GET"]}}],"collection":[{"href":"https:\/\/elregionaldigital.info\/index.php?rest_route=\/wp\/v2\/posts"}],"about":[{"href":"https:\/\/elregionaldigital.info\/index.php?rest_route=\/wp\/v2\/types\/post"}],"author":[{"embeddable":true,"href":"https:\/\/elregionaldigital.info\/index.php?rest_route=\/wp\/v2\/users\/1"}],"replies":[{"embeddable":true,"href":"https:\/\/elregionaldigital.info\/index.php?rest_route=%2Fwp%2Fv2%2Fcomments&post=3482"}],"version-history":[{"count":1,"href":"https:\/\/elregionaldigital.info\/index.php?rest_route=\/wp\/v2\/posts\/3482\/revisions"}],"predecessor-version":[{"id":3484,"href":"https:\/\/elregionaldigital.info\/index.php?rest_route=\/wp\/v2\/posts\/3482\/revisions\/3484"}],"wp:featuredmedia":[{"embeddable":true,"href":"https:\/\/elregionaldigital.info\/index.php?rest_route=\/wp\/v2\/media\/3483"}],"wp:attachment":[{"href":"https:\/\/elregionaldigital.info\/index.php?rest_route=%2Fwp%2Fv2%2Fmedia&parent=3482"}],"wp:term":[{"taxonomy":"category","embeddable":true,"href":"https:\/\/elregionaldigital.info\/index.php?rest_route=%2Fwp%2Fv2%2Fcategories&post=3482"},{"taxonomy":"post_tag","embeddable":true,"href":"https:\/\/elregionaldigital.info\/index.php?rest_route=%2Fwp%2Fv2%2Ftags&post=3482"}],"curies":[{"name":"wp","href":"https:\/\/api.w.org\/{rel}","templated":true}]}}