{"id":3479,"date":"2024-09-26T07:06:29","date_gmt":"2024-09-26T07:06:29","guid":{"rendered":"http:\/\/elregionaldigital.info\/?p=3479"},"modified":"2024-09-27T07:06:58","modified_gmt":"2024-09-27T07:06:58","slug":"celebra-la-uat-67-anos-de-la-unidad-academica-de-trabajo-social-y-ciencias-para-el-desarrollo-humano","status":"publish","type":"post","link":"https:\/\/elregionaldigital.info\/?p=3479","title":{"rendered":"Celebra la UAT 67 a\u00f1os de la Unidad Acad\u00e9mica de Trabajo Social y Ciencias para el Desarrollo Humano"},"content":{"rendered":"\n<p><\/p>\n\n\n\n<p>El rector de la Universidad Aut\u00f3noma de Tamaulipas (UAT), MVZ D\u00e1maso Anaya<br>Alvarado, presidi\u00f3 la ceremonia conmemorativa y convivencia con estudiantes,<br>docentes y directivos de la Unidad Acad\u00e9mica de Trabajo Social y Ciencias para el<br>Desarrollo Humano (UATSCDH), con motivo del 67 aniversario de su fundaci\u00f3n.<br>En su mensaje, el rector D\u00e1maso Anaya destac\u00f3 su reconocimiento a la<br>instituci\u00f3n acad\u00e9mica por seguir siendo un referente en la formaci\u00f3n de<br>profesionales que reafirman el sentido humanista de servir a la sociedad por<br>medio de sus programas educativos en Trabajo Social, Psicolog\u00eda y Nutrici\u00f3n,<br>adem\u00e1s de sus posgrados enfocados al desarrollo humano.<br>Dijo que su administraci\u00f3n rectoral tiene como prop\u00f3sito consolidar la calidad<br>acad\u00e9mica de la UAT y que sus estudiantes se formen en las mejores condiciones<br>de desarrollo integral, adem\u00e1s de contar con profesores m\u00e1s capacitados y<br>reconocidos a nivel nacional.<br>Acompa\u00f1ado por la Dra. Guillermina de la Cruz Jim\u00e9nez God\u00ednez, directora<br>de la Unidad Acad\u00e9mica, el rector D\u00e1maso Anaya entreg\u00f3 reconocimientos a<br>docentes que ingresaron al nivel 1 del Sistema Nacional de Investigadoras e<br>Investigadores (SNII) y a egresados que obtuvieron el Premio Nacional CENEVAL<br>por su Desempe\u00f1o de Excelencia en el Examen General para el Egreso<br>de Licenciatura (EGEL).<br>Por su parte, la Dra. Guillermina de la Cruz Jim\u00e9nez agradeci\u00f3 al rector por<br>el apoyo en la consolidaci\u00f3n acad\u00e9mica y se\u00f1al\u00f3 que su visi\u00f3n humanista y<br>transformadora han sido fundamentales para el crecimiento de esta instituci\u00f3n<br>universitaria.<br>A nombre de los docentes, la Dra. Luc\u00eda Cecilia Cano Mart\u00ednez hizo un<br>recuento de la trayectoria del plantel, as\u00ed como de los maestros fundadores y<\/p>\n\n\n\n<p>docentes que a su paso han dejado un gran legado a las nuevas generaciones.<br>El mensaje de la comunidad estudiantil estuvo a cargo de Jennifer Charles<br>Ram\u00edrez, quien agradeci\u00f3 al rector D\u00e1maso Anaya por compartir con la juventud la<br>celebraci\u00f3n de este 67 aniversario, que los alienta a seguir prepar\u00e1ndose y ser<br>una generaci\u00f3n humanista y comprometida con su sociedad.<br>En el evento estuvo tambi\u00e9n la decana de la UATSCDH, Dra. Yazmin<br>Elizabeth \u00c1lvarez Joch, as\u00ed como funcionarios de la Rector\u00eda y directores de<br>dependencias acad\u00e9micas del Campus Victoria.<\/p>\n","protected":false},"excerpt":{"rendered":"<p>El rector de la Universidad Aut\u00f3noma de Tamaulipas (UAT), MVZ D\u00e1maso AnayaAlvarado, presidi\u00f3 la ceremonia conmemorativa y convivencia con estudiantes,docentes y directivos de la Unidad Acad\u00e9mica de Trabajo Social y Ciencias para elDesarrollo Humano (UATSCDH), con motivo del 67 aniversario de su fundaci\u00f3n.En su mensaje, el rector D\u00e1maso Anaya destac\u00f3 su reconocimiento a lainstituci\u00f3n acad\u00e9mica [&hellip;]<\/p>\n","protected":false},"author":1,"featured_media":3480,"comment_status":"open","ping_status":"open","sticky":false,"template":"","format":"standard","meta":{"footnotes":""},"categories":[4],"tags":[],"class_list":["post-3479","post","type-post","status-publish","format-standard","has-post-thumbnail","hentry","category-universidades"],"blog_post_layout_featured_media_urls":{"thumbnail":["https:\/\/elregionaldigital.info\/wp-content\/uploads\/2024\/09\/6-1-150x150.jpg",150,150,true],"full":["https:\/\/elregionaldigital.info\/wp-content\/uploads\/2024\/09\/6-1-scaled.jpg",2560,1707,false]},"categories_names":{"4":{"name":"Universidades","link":"https:\/\/elregionaldigital.info\/?cat=4"}},"tags_names":[],"comments_number":"0","wpmagazine_modules_lite_featured_media_urls":{"thumbnail":["https:\/\/elregionaldigital.info\/wp-content\/uploads\/2024\/09\/6-1-150x150.jpg",150,150,true],"cvmm-medium":["https:\/\/elregionaldigital.info\/wp-content\/uploads\/2024\/09\/6-1-300x300.jpg",300,300,true],"cvmm-medium-plus":["https:\/\/elregionaldigital.info\/wp-content\/uploads\/2024\/09\/6-1-305x207.jpg",305,207,true],"cvmm-portrait":["https:\/\/elregionaldigital.info\/wp-content\/uploads\/2024\/09\/6-1-400x600.jpg",400,600,true],"cvmm-medium-square":["https:\/\/elregionaldigital.info\/wp-content\/uploads\/2024\/09\/6-1-600x600.jpg",600,600,true],"cvmm-large":["https:\/\/elregionaldigital.info\/wp-content\/uploads\/2024\/09\/6-1-1024x1024.jpg",1024,1024,true],"cvmm-small":["https:\/\/elregionaldigital.info\/wp-content\/uploads\/2024\/09\/6-1-130x95.jpg",130,95,true],"full":["https:\/\/elregionaldigital.info\/wp-content\/uploads\/2024\/09\/6-1-scaled.jpg",2560,1707,false]},"_links":{"self":[{"href":"https:\/\/elregionaldigital.info\/index.php?rest_route=\/wp\/v2\/posts\/3479","targetHints":{"allow":["GET"]}}],"collection":[{"href":"https:\/\/elregionaldigital.info\/index.php?rest_route=\/wp\/v2\/posts"}],"about":[{"href":"https:\/\/elregionaldigital.info\/index.php?rest_route=\/wp\/v2\/types\/post"}],"author":[{"embeddable":true,"href":"https:\/\/elregionaldigital.info\/index.php?rest_route=\/wp\/v2\/users\/1"}],"replies":[{"embeddable":true,"href":"https:\/\/elregionaldigital.info\/index.php?rest_route=%2Fwp%2Fv2%2Fcomments&post=3479"}],"version-history":[{"count":1,"href":"https:\/\/elregionaldigital.info\/index.php?rest_route=\/wp\/v2\/posts\/3479\/revisions"}],"predecessor-version":[{"id":3481,"href":"https:\/\/elregionaldigital.info\/index.php?rest_route=\/wp\/v2\/posts\/3479\/revisions\/3481"}],"wp:featuredmedia":[{"embeddable":true,"href":"https:\/\/elregionaldigital.info\/index.php?rest_route=\/wp\/v2\/media\/3480"}],"wp:attachment":[{"href":"https:\/\/elregionaldigital.info\/index.php?rest_route=%2Fwp%2Fv2%2Fmedia&parent=3479"}],"wp:term":[{"taxonomy":"category","embeddable":true,"href":"https:\/\/elregionaldigital.info\/index.php?rest_route=%2Fwp%2Fv2%2Fcategories&post=3479"},{"taxonomy":"post_tag","embeddable":true,"href":"https:\/\/elregionaldigital.info\/index.php?rest_route=%2Fwp%2Fv2%2Ftags&post=3479"}],"curies":[{"name":"wp","href":"https:\/\/api.w.org\/{rel}","templated":true}]}}