{"id":3475,"date":"2024-09-25T06:57:23","date_gmt":"2024-09-25T06:57:23","guid":{"rendered":"http:\/\/elregionaldigital.info\/?p=3475"},"modified":"2024-09-27T06:57:57","modified_gmt":"2024-09-27T06:57:57","slug":"promueve-la-uat-campana-de-salud-preventiva-en-el-campus-victoria","status":"publish","type":"post","link":"https:\/\/elregionaldigital.info\/?p=3475","title":{"rendered":"Promueve la UAT campa\u00f1a de salud preventiva en el Campus Victoria"},"content":{"rendered":"\n<p><\/p>\n\n\n\n<p>La Universidad Aut\u00f3noma de Tamaulipas (UAT) se suma activamente a la Campa\u00f1a de<br>Prevenci\u00f3n de Enfermedades Cr\u00f3nico-Degenerativas, organizada por la Comisi\u00f3n de Salud<br>Fronteriza M\u00e9xico-Estados Unidos (CSFMEU) con el prop\u00f3sito de fortalecer la prevenci\u00f3n y<br>detecci\u00f3n temprana de enfermedades que afectan a la poblaci\u00f3n tamaulipeca.<br>Esta iniciativa se lleva a cabo del 25 al 27 de septiembre, mediante la instalaci\u00f3n de<br>m\u00f3dulos de atenci\u00f3n en puntos estrat\u00e9gicos que buscan concientizar sobre la importancia<br>de la detecci\u00f3n oportuna y la prevenci\u00f3n de enfermedades cr\u00f3nico-degenerativas.<br>Comprometida con la salud de su comunidad universitaria y la sociedad tamaulipeca, la<br>UAT instal\u00f3 en el Campus Victoria cinco m\u00f3dulos de atenci\u00f3n ubicados en la Facultad de<br>Ciencias de la Educaci\u00f3n y Humanidades, la Unidad Acad\u00e9mica de Trabajo Social y Ciencias<br>para el Desarrollo Humano, la Facultad de Enfermer\u00eda, la Facultad de Comercio y<br>Administraci\u00f3n Victoria, y la Facultad de Medicina Veterinaria y Zootecnia.<br>Estos m\u00f3dulos est\u00e1n disponibles para atender a estudiantes, docentes y personal de la<br>UAT, as\u00ed como al p\u00fablico en general, ofreciendo chequeos gratuitos de presi\u00f3n arterial,<br>pruebas de glucosa y mediciones antropom\u00e9tricas, a fin de detectar y prevenir<br>enfermedades como la diabetes, la obesidad y la hipertensi\u00f3n.<br>La participaci\u00f3n de la UAT en esta campa\u00f1a es de suma relevancia, ya que fortalece la<br>colaboraci\u00f3n con la Comisi\u00f3n de Salud Fronteriza M\u00e9xico-Estados Unidos, una entidad<br>binacional que trabaja en la evaluaci\u00f3n y atenci\u00f3n de los problemas de salud que afectan<br>a la regi\u00f3n fronteriza.<br>Invitando a toda su comunidad universitaria y a la sociedad en general a participar<br>activamente en esta campa\u00f1a, la UAT reafirma su compromiso con el bienestar de<br>Tamaulipas a trav\u00e9s de la promoci\u00f3n de la salud.<\/p>\n","protected":false},"excerpt":{"rendered":"<p>La Universidad Aut\u00f3noma de Tamaulipas (UAT) se suma activamente a la Campa\u00f1a dePrevenci\u00f3n de Enfermedades Cr\u00f3nico-Degenerativas, organizada por la Comisi\u00f3n de SaludFronteriza M\u00e9xico-Estados Unidos (CSFMEU) con el prop\u00f3sito de fortalecer la prevenci\u00f3n ydetecci\u00f3n temprana de enfermedades que afectan a la poblaci\u00f3n tamaulipeca.Esta iniciativa se lleva a cabo del 25 al 27 de septiembre, mediante la [&hellip;]<\/p>\n","protected":false},"author":1,"featured_media":3477,"comment_status":"open","ping_status":"open","sticky":false,"template":"","format":"standard","meta":{"footnotes":""},"categories":[4],"tags":[],"class_list":["post-3475","post","type-post","status-publish","format-standard","has-post-thumbnail","hentry","category-universidades"],"blog_post_layout_featured_media_urls":{"thumbnail":["https:\/\/elregionaldigital.info\/wp-content\/uploads\/2024\/09\/1-2-150x150.jpeg",150,150,true],"full":["https:\/\/elregionaldigital.info\/wp-content\/uploads\/2024\/09\/1-2.jpeg",1600,1066,false]},"categories_names":{"4":{"name":"Universidades","link":"https:\/\/elregionaldigital.info\/?cat=4"}},"tags_names":[],"comments_number":"0","wpmagazine_modules_lite_featured_media_urls":{"thumbnail":["https:\/\/elregionaldigital.info\/wp-content\/uploads\/2024\/09\/1-2-150x150.jpeg",150,150,true],"cvmm-medium":["https:\/\/elregionaldigital.info\/wp-content\/uploads\/2024\/09\/1-2-300x300.jpeg",300,300,true],"cvmm-medium-plus":["https:\/\/elregionaldigital.info\/wp-content\/uploads\/2024\/09\/1-2-305x207.jpeg",305,207,true],"cvmm-portrait":["https:\/\/elregionaldigital.info\/wp-content\/uploads\/2024\/09\/1-2-400x600.jpeg",400,600,true],"cvmm-medium-square":["https:\/\/elregionaldigital.info\/wp-content\/uploads\/2024\/09\/1-2-600x600.jpeg",600,600,true],"cvmm-large":["https:\/\/elregionaldigital.info\/wp-content\/uploads\/2024\/09\/1-2-1024x1024.jpeg",1024,1024,true],"cvmm-small":["https:\/\/elregionaldigital.info\/wp-content\/uploads\/2024\/09\/1-2-130x95.jpeg",130,95,true],"full":["https:\/\/elregionaldigital.info\/wp-content\/uploads\/2024\/09\/1-2.jpeg",1600,1066,false]},"_links":{"self":[{"href":"https:\/\/elregionaldigital.info\/index.php?rest_route=\/wp\/v2\/posts\/3475","targetHints":{"allow":["GET"]}}],"collection":[{"href":"https:\/\/elregionaldigital.info\/index.php?rest_route=\/wp\/v2\/posts"}],"about":[{"href":"https:\/\/elregionaldigital.info\/index.php?rest_route=\/wp\/v2\/types\/post"}],"author":[{"embeddable":true,"href":"https:\/\/elregionaldigital.info\/index.php?rest_route=\/wp\/v2\/users\/1"}],"replies":[{"embeddable":true,"href":"https:\/\/elregionaldigital.info\/index.php?rest_route=%2Fwp%2Fv2%2Fcomments&post=3475"}],"version-history":[{"count":1,"href":"https:\/\/elregionaldigital.info\/index.php?rest_route=\/wp\/v2\/posts\/3475\/revisions"}],"predecessor-version":[{"id":3478,"href":"https:\/\/elregionaldigital.info\/index.php?rest_route=\/wp\/v2\/posts\/3475\/revisions\/3478"}],"wp:featuredmedia":[{"embeddable":true,"href":"https:\/\/elregionaldigital.info\/index.php?rest_route=\/wp\/v2\/media\/3477"}],"wp:attachment":[{"href":"https:\/\/elregionaldigital.info\/index.php?rest_route=%2Fwp%2Fv2%2Fmedia&parent=3475"}],"wp:term":[{"taxonomy":"category","embeddable":true,"href":"https:\/\/elregionaldigital.info\/index.php?rest_route=%2Fwp%2Fv2%2Fcategories&post=3475"},{"taxonomy":"post_tag","embeddable":true,"href":"https:\/\/elregionaldigital.info\/index.php?rest_route=%2Fwp%2Fv2%2Ftags&post=3475"}],"curies":[{"name":"wp","href":"https:\/\/api.w.org\/{rel}","templated":true}]}}