{"id":3472,"date":"2024-09-24T06:43:11","date_gmt":"2024-09-24T06:43:11","guid":{"rendered":"http:\/\/elregionaldigital.info\/?p=3472"},"modified":"2024-09-27T06:43:36","modified_gmt":"2024-09-27T06:43:36","slug":"javier-el-capi-garibaldi-es-nuevo-presidente-del-club-correcaminos-de-la-uat","status":"publish","type":"post","link":"https:\/\/elregionaldigital.info\/?p=3472","title":{"rendered":"Javier \u201cel capi\u201d Garibaldi es nuevo presidente del Club Correcaminos de la UAT"},"content":{"rendered":"\n<p><\/p>\n\n\n\n<p>\uf0b7 El exfutbolista profesional y campe\u00f3n con el equipo de la UAT en la temporada<br>1986-87 de la segunda divisi\u00f3n del futbol mexicano fue nombrado por el rector<br>D\u00e1maso Anaya como titular del club universitario.<br>Javier Garibaldi de la Teja asumi\u00f3 este martes la presidencia del Club<br>Correcaminos y tendr\u00e1 bajo su mando a los equipos de la UAT que militan en el<br>futbol profesional mexicano y fuerzas b\u00e1sicas.<br>El rector de la Universidad Aut\u00f3noma de Tamaulipas, MVZ D\u00e1maso Anaya<br>Alvarado, entreg\u00f3 el nombramiento como presidente del club a quien tambi\u00e9n es<br>considerado como uno de los exjugadores m\u00e1s emblem\u00e1ticos del equipo<br>universitario.<br>El \u201cCapi\u201d Garibaldi, como tambi\u00e9n le conoce la afici\u00f3n tamaulipeca, de<br>inmediato se puso la camiseta de la UAT que le entreg\u00f3 el rector como s\u00edmbolo de<br>esta nueva responsabilidad que asume al frente de los colores universitarios.<br>El hist\u00f3rico capit\u00e1n del club reconoci\u00f3 en entrevista la importancia de retomar<br>el amor por los colores de la UAT y portarlos con orgullo en el f\u00fatbol profesional.<br>Asimismo, agradeci\u00f3 la confianza del rector D\u00e1maso Anaya por la<br>oportunidad de regresar al equipo de sus amores, y asumi\u00f3 la responsabilidad de<br>poner muy en alto el nombre de la UAT en el plano nacional.<br>Coment\u00f3 que buscar\u00e1 compartir su experiencia con las nuevas generaciones,<br>con la meta de revivir la gloria que alcanz\u00f3 Correcaminos en los a\u00f1os 80s, cuando<br>fue el capit\u00e1n de aquel equipo que en la temporada 86-87 logr\u00f3 el ascenso a la<br>Primera Divisi\u00f3n del f\u00fatbol mexicano<br>\u201cFue una experiencia muy importante para el equipo Correcaminos y para la<br>capital, y definitivamente, es algo que sigue en la memoria de mucha gente de<\/p>\n\n\n\n<p>Ciudad Victoria, probablemente muchos j\u00f3venes desconozcan ese momento tan<br>importante que vivi\u00f3 el futbol de aqu\u00ed\u201d, indic\u00f3.<br>Puntualiz\u00f3 que el proyecto a corto plazo es buscar que Correcaminos sea un<br>equipo protagonista, manteniendo tambi\u00e9n la confianza en los j\u00f3venes victorenses<br>y de Tamaulipas, adem\u00e1s del apoyo en jugadores de experiencia.<br>Javier Garibaldi, inici\u00f3 su carrera en la Jaiba Brava del Tampico-Madero por<br>los a\u00f1os 80s. En 1983 lleg\u00f3 a Correcaminos y fue campe\u00f3n en 1987, continuando<br>su carrera en el club hasta el a\u00f1o 1991 en que se retir\u00f3 del futbol profesional.<\/p>\n","protected":false},"excerpt":{"rendered":"<p>\uf0b7 El exfutbolista profesional y campe\u00f3n con el equipo de la UAT en la temporada1986-87 de la segunda divisi\u00f3n del futbol mexicano fue nombrado por el rectorD\u00e1maso Anaya como titular del club universitario.Javier Garibaldi de la Teja asumi\u00f3 este martes la presidencia del ClubCorrecaminos y tendr\u00e1 bajo su mando a los equipos de la UAT [&hellip;]<\/p>\n","protected":false},"author":1,"featured_media":3473,"comment_status":"open","ping_status":"open","sticky":false,"template":"","format":"standard","meta":{"footnotes":""},"categories":[6,4],"tags":[],"class_list":["post-3472","post","type-post","status-publish","format-standard","has-post-thumbnail","hentry","category-deportes","category-universidades"],"blog_post_layout_featured_media_urls":{"thumbnail":["https:\/\/elregionaldigital.info\/wp-content\/uploads\/2024\/09\/2-1-1-150x150.jpg",150,150,true],"full":["https:\/\/elregionaldigital.info\/wp-content\/uploads\/2024\/09\/2-1-1-scaled.jpg",2560,1707,false]},"categories_names":{"6":{"name":"Deportes","link":"https:\/\/elregionaldigital.info\/?cat=6"},"4":{"name":"Universidades","link":"https:\/\/elregionaldigital.info\/?cat=4"}},"tags_names":[],"comments_number":"0","wpmagazine_modules_lite_featured_media_urls":{"thumbnail":["https:\/\/elregionaldigital.info\/wp-content\/uploads\/2024\/09\/2-1-1-150x150.jpg",150,150,true],"cvmm-medium":["https:\/\/elregionaldigital.info\/wp-content\/uploads\/2024\/09\/2-1-1-300x300.jpg",300,300,true],"cvmm-medium-plus":["https:\/\/elregionaldigital.info\/wp-content\/uploads\/2024\/09\/2-1-1-305x207.jpg",305,207,true],"cvmm-portrait":["https:\/\/elregionaldigital.info\/wp-content\/uploads\/2024\/09\/2-1-1-400x600.jpg",400,600,true],"cvmm-medium-square":["https:\/\/elregionaldigital.info\/wp-content\/uploads\/2024\/09\/2-1-1-600x600.jpg",600,600,true],"cvmm-large":["https:\/\/elregionaldigital.info\/wp-content\/uploads\/2024\/09\/2-1-1-1024x1024.jpg",1024,1024,true],"cvmm-small":["https:\/\/elregionaldigital.info\/wp-content\/uploads\/2024\/09\/2-1-1-130x95.jpg",130,95,true],"full":["https:\/\/elregionaldigital.info\/wp-content\/uploads\/2024\/09\/2-1-1-scaled.jpg",2560,1707,false]},"_links":{"self":[{"href":"https:\/\/elregionaldigital.info\/index.php?rest_route=\/wp\/v2\/posts\/3472","targetHints":{"allow":["GET"]}}],"collection":[{"href":"https:\/\/elregionaldigital.info\/index.php?rest_route=\/wp\/v2\/posts"}],"about":[{"href":"https:\/\/elregionaldigital.info\/index.php?rest_route=\/wp\/v2\/types\/post"}],"author":[{"embeddable":true,"href":"https:\/\/elregionaldigital.info\/index.php?rest_route=\/wp\/v2\/users\/1"}],"replies":[{"embeddable":true,"href":"https:\/\/elregionaldigital.info\/index.php?rest_route=%2Fwp%2Fv2%2Fcomments&post=3472"}],"version-history":[{"count":1,"href":"https:\/\/elregionaldigital.info\/index.php?rest_route=\/wp\/v2\/posts\/3472\/revisions"}],"predecessor-version":[{"id":3474,"href":"https:\/\/elregionaldigital.info\/index.php?rest_route=\/wp\/v2\/posts\/3472\/revisions\/3474"}],"wp:featuredmedia":[{"embeddable":true,"href":"https:\/\/elregionaldigital.info\/index.php?rest_route=\/wp\/v2\/media\/3473"}],"wp:attachment":[{"href":"https:\/\/elregionaldigital.info\/index.php?rest_route=%2Fwp%2Fv2%2Fmedia&parent=3472"}],"wp:term":[{"taxonomy":"category","embeddable":true,"href":"https:\/\/elregionaldigital.info\/index.php?rest_route=%2Fwp%2Fv2%2Fcategories&post=3472"},{"taxonomy":"post_tag","embeddable":true,"href":"https:\/\/elregionaldigital.info\/index.php?rest_route=%2Fwp%2Fv2%2Ftags&post=3472"}],"curies":[{"name":"wp","href":"https:\/\/api.w.org\/{rel}","templated":true}]}}