{"id":3469,"date":"2024-09-23T06:32:40","date_gmt":"2024-09-23T06:32:40","guid":{"rendered":"http:\/\/elregionaldigital.info\/?p=3469"},"modified":"2024-09-27T06:33:04","modified_gmt":"2024-09-27T06:33:04","slug":"inaugura-el-rector-de-la-uat-conferencias-y-talleres-sobre-ciberseguridad","status":"publish","type":"post","link":"https:\/\/elregionaldigital.info\/?p=3469","title":{"rendered":"Inaugura el rector de la UAT conferencias y talleres sobre ciberseguridad"},"content":{"rendered":"\n<p><\/p>\n\n\n\n<p>La Universidad Aut\u00f3noma de Tamaulipas (UAT) mantiene firme el compromiso de<br>ofrecerle a su comunidad universitaria todas las ventajas del uso de las<br>tecnolog\u00edas de la informaci\u00f3n, pero tambi\u00e9n de brindarle todas las herramientas<br>para que su entorno digital sea un espacio seguro, protegido y productivo, afirm\u00f3<br>el rector D\u00e1maso Anaya Alvarado.<br>Al poner en marcha la Sexta Semana de Ciberseguridad denominada<br>\u201cProt\u00e9gete de los peligros de Internet\u201d, que comprende talleres y conferencias<br>presenciales y virtuales del 23 al 27 de septiembre, el MVZ D\u00e1maso Anaya<br>subray\u00f3 que la UAT trabaja con responsabilidad y visi\u00f3n para garantizar que<br>Internet, m\u00e1s all\u00e1 de los peligros que pueda representar, sea una plataforma de<br>desarrollo y crecimiento para toda la comunidad universitaria.<br>En el evento de apertura celebrado en el Gimnasio Multidisciplinario del<br>Campus Victoria, ante cientos de estudiantes de las facultades y unidades<br>acad\u00e9micas, as\u00ed como docentes, funcionarios, personal directivo y administrativo<br>de la UAT, el rector destac\u00f3 que este encuentro es una valiosa oportunidad para<br>seguirse preparando en los temas de la ciberseguridad y el uso responsable del<br>manejo de datos e informaci\u00f3n.<br>Agradeci\u00f3 a la Asociaci\u00f3n Nacional de Universidades e Instituciones de<br>Educaci\u00f3n Superior (ANUIES) por apoyar el fortalecimiento tecnol\u00f3gico y la<br>colaboraci\u00f3n entre las universidades para enfrentar juntos los retos del entorno<br>digital.<br>A\u00f1adi\u00f3 que hoy m\u00e1s que nunca es crucial que la comunidad universitaria est\u00e9<br>plenamente consciente y educada de los peligros que existen en el ciberespacio, y<br>tomar las medidas preventivas para proteger la informaci\u00f3n.<br>En la ceremonia inaugural, particip\u00f3 por videoconferencia el Mtro. Jos\u00e9 Luis<\/p>\n\n\n\n<p>Ponce L\u00f3pez, director de Tecnolog\u00edas de la Informaci\u00f3n y Comunicaci\u00f3n de la<br>ANUIES, quien reconoci\u00f3 a la UAT por estar a la vanguardia en estos temas y<br>mantener actualizada a su comunidad universitaria.<\/p>\n","protected":false},"excerpt":{"rendered":"<p>La Universidad Aut\u00f3noma de Tamaulipas (UAT) mantiene firme el compromiso deofrecerle a su comunidad universitaria todas las ventajas del uso de lastecnolog\u00edas de la informaci\u00f3n, pero tambi\u00e9n de brindarle todas las herramientaspara que su entorno digital sea un espacio seguro, protegido y productivo, afirm\u00f3el rector D\u00e1maso Anaya Alvarado.Al poner en marcha la Sexta Semana de [&hellip;]<\/p>\n","protected":false},"author":1,"featured_media":3470,"comment_status":"open","ping_status":"open","sticky":false,"template":"","format":"standard","meta":{"footnotes":""},"categories":[4],"tags":[],"class_list":["post-3469","post","type-post","status-publish","format-standard","has-post-thumbnail","hentry","category-universidades"],"blog_post_layout_featured_media_urls":{"thumbnail":["https:\/\/elregionaldigital.info\/wp-content\/uploads\/2024\/09\/2-3-150x150.jpg",150,150,true],"full":["https:\/\/elregionaldigital.info\/wp-content\/uploads\/2024\/09\/2-3-scaled.jpg",2560,1707,false]},"categories_names":{"4":{"name":"Universidades","link":"https:\/\/elregionaldigital.info\/?cat=4"}},"tags_names":[],"comments_number":"0","wpmagazine_modules_lite_featured_media_urls":{"thumbnail":["https:\/\/elregionaldigital.info\/wp-content\/uploads\/2024\/09\/2-3-150x150.jpg",150,150,true],"cvmm-medium":["https:\/\/elregionaldigital.info\/wp-content\/uploads\/2024\/09\/2-3-300x300.jpg",300,300,true],"cvmm-medium-plus":["https:\/\/elregionaldigital.info\/wp-content\/uploads\/2024\/09\/2-3-305x207.jpg",305,207,true],"cvmm-portrait":["https:\/\/elregionaldigital.info\/wp-content\/uploads\/2024\/09\/2-3-400x600.jpg",400,600,true],"cvmm-medium-square":["https:\/\/elregionaldigital.info\/wp-content\/uploads\/2024\/09\/2-3-600x600.jpg",600,600,true],"cvmm-large":["https:\/\/elregionaldigital.info\/wp-content\/uploads\/2024\/09\/2-3-1024x1024.jpg",1024,1024,true],"cvmm-small":["https:\/\/elregionaldigital.info\/wp-content\/uploads\/2024\/09\/2-3-130x95.jpg",130,95,true],"full":["https:\/\/elregionaldigital.info\/wp-content\/uploads\/2024\/09\/2-3-scaled.jpg",2560,1707,false]},"_links":{"self":[{"href":"https:\/\/elregionaldigital.info\/index.php?rest_route=\/wp\/v2\/posts\/3469","targetHints":{"allow":["GET"]}}],"collection":[{"href":"https:\/\/elregionaldigital.info\/index.php?rest_route=\/wp\/v2\/posts"}],"about":[{"href":"https:\/\/elregionaldigital.info\/index.php?rest_route=\/wp\/v2\/types\/post"}],"author":[{"embeddable":true,"href":"https:\/\/elregionaldigital.info\/index.php?rest_route=\/wp\/v2\/users\/1"}],"replies":[{"embeddable":true,"href":"https:\/\/elregionaldigital.info\/index.php?rest_route=%2Fwp%2Fv2%2Fcomments&post=3469"}],"version-history":[{"count":1,"href":"https:\/\/elregionaldigital.info\/index.php?rest_route=\/wp\/v2\/posts\/3469\/revisions"}],"predecessor-version":[{"id":3471,"href":"https:\/\/elregionaldigital.info\/index.php?rest_route=\/wp\/v2\/posts\/3469\/revisions\/3471"}],"wp:featuredmedia":[{"embeddable":true,"href":"https:\/\/elregionaldigital.info\/index.php?rest_route=\/wp\/v2\/media\/3470"}],"wp:attachment":[{"href":"https:\/\/elregionaldigital.info\/index.php?rest_route=%2Fwp%2Fv2%2Fmedia&parent=3469"}],"wp:term":[{"taxonomy":"category","embeddable":true,"href":"https:\/\/elregionaldigital.info\/index.php?rest_route=%2Fwp%2Fv2%2Fcategories&post=3469"},{"taxonomy":"post_tag","embeddable":true,"href":"https:\/\/elregionaldigital.info\/index.php?rest_route=%2Fwp%2Fv2%2Ftags&post=3469"}],"curies":[{"name":"wp","href":"https:\/\/api.w.org\/{rel}","templated":true}]}}