{"id":3465,"date":"2024-09-21T06:23:27","date_gmt":"2024-09-21T06:23:27","guid":{"rendered":"http:\/\/elregionaldigital.info\/?p=3465"},"modified":"2024-09-27T06:24:01","modified_gmt":"2024-09-27T06:24:01","slug":"rector-y-directores-de-la-uat-evaluan-avances-y-logros-academicos","status":"publish","type":"post","link":"https:\/\/elregionaldigital.info\/?p=3465","title":{"rendered":"Rector y directores de la UAT eval\u00faan avances y logros acad\u00e9micos"},"content":{"rendered":"\n<p><\/p>\n\n\n\n<p>El rector de la Universidad Aut\u00f3noma de Tamaulipas (UAT), MVZ D\u00e1maso Anaya<br>Alvarado, presidi\u00f3 la s\u00e9ptima Reuni\u00f3n Ordinaria del Colegio de Directores, en la<br>que destac\u00f3 la importancia del trabajo colaborativo para seguir avanzando en las<br>metas de la transformaci\u00f3n hacia una educaci\u00f3n humanista de excelencia.<br>Este encuentro, realizado en el Centro de Investigaciones de la Facultad de<br>Ingenier\u00eda Tampico, reuni\u00f3 a funcionarios de la administraci\u00f3n central y a titulares<br>de las veintis\u00e9is facultades, unidades acad\u00e9micas y escuelas de la UAT, para dar<br>curso a una amplia agenda de trabajo que comprendi\u00f3 exposiciones en los rubros<br>acad\u00e9mico, financiero y de vinculaci\u00f3n.<br>En su mensaje, D\u00e1maso Anaya hizo un recuento de los m\u00e1s recientes<br>avances de su administraci\u00f3n, entre los que resaltan alianzas estrat\u00e9gicas con la<br>petrolera Woodside y la apertura de relaciones con la Embajada de Australia para<br>concretar programas de investigaci\u00f3n y movilidad acad\u00e9mica.<br>Entre otros temas, resalt\u00f3 la sinergia que se sostiene con organismos del<br>Gobierno de Tamaulipas y las distintas \u00e1reas del Gobierno federal, para seguir<br>ampliando oportunidades de colaboraci\u00f3n en distintos rubros que beneficien<br>directamente a estudiantes y docentes.<br>Expres\u00f3 que se trabaja con gran optimismo sobre los avances en la<br>Universidad, enfatizando la importancia del esfuerzo conjunto para generar<br>proyectos que buscan mejorar la calidad educativa y posicionar a la instituci\u00f3n en<br>el panorama educativo regional.<br>Durante la presentaci\u00f3n, se abordaron diversos temas clave para el desarrollo<br>acad\u00e9mico y tecnol\u00f3gico, entre los cuales se destacaron propuestas para<br>optimizar la gesti\u00f3n docente dentro de la Universidad, mejorar los procesos<br>educativos, as\u00ed como aspectos relacionados con la eficiencia en la ense\u00f1anza y la<\/p>\n\n\n\n<p>implementaci\u00f3n de nuevas tecnolog\u00edas que beneficien tanto a docentes como a<br>estudiantes universitarios.<br>Como anfitri\u00f3n, el Dr. Roberto Pichardo Ram\u00edrez, director de la Facultad de<br>Ingenier\u00eda Tampico, dio a conocer en un video las fortalezas de este plantel<br>universitario.<br>Posteriormente, el rector D\u00e1maso Anaya encabez\u00f3 un recorrido por las<br>instalaciones de la facultad, conviviendo con estudiantes y docentes, fortaleciendo<br>la relaci\u00f3n estrecha entre la administraci\u00f3n y la comunidad universitaria.<\/p>\n","protected":false},"excerpt":{"rendered":"<p>El rector de la Universidad Aut\u00f3noma de Tamaulipas (UAT), MVZ D\u00e1maso AnayaAlvarado, presidi\u00f3 la s\u00e9ptima Reuni\u00f3n Ordinaria del Colegio de Directores, en laque destac\u00f3 la importancia del trabajo colaborativo para seguir avanzando en lasmetas de la transformaci\u00f3n hacia una educaci\u00f3n humanista de excelencia.Este encuentro, realizado en el Centro de Investigaciones de la Facultad deIngenier\u00eda Tampico, [&hellip;]<\/p>\n","protected":false},"author":1,"featured_media":3467,"comment_status":"open","ping_status":"open","sticky":false,"template":"","format":"standard","meta":{"footnotes":""},"categories":[4],"tags":[],"class_list":["post-3465","post","type-post","status-publish","format-standard","has-post-thumbnail","hentry","category-universidades"],"blog_post_layout_featured_media_urls":{"thumbnail":["https:\/\/elregionaldigital.info\/wp-content\/uploads\/2024\/09\/c4-1-150x150.jpg",150,150,true],"full":["https:\/\/elregionaldigital.info\/wp-content\/uploads\/2024\/09\/c4-1.jpg",1600,1066,false]},"categories_names":{"4":{"name":"Universidades","link":"https:\/\/elregionaldigital.info\/?cat=4"}},"tags_names":[],"comments_number":"0","wpmagazine_modules_lite_featured_media_urls":{"thumbnail":["https:\/\/elregionaldigital.info\/wp-content\/uploads\/2024\/09\/c4-1-150x150.jpg",150,150,true],"cvmm-medium":["https:\/\/elregionaldigital.info\/wp-content\/uploads\/2024\/09\/c4-1-300x300.jpg",300,300,true],"cvmm-medium-plus":["https:\/\/elregionaldigital.info\/wp-content\/uploads\/2024\/09\/c4-1-305x207.jpg",305,207,true],"cvmm-portrait":["https:\/\/elregionaldigital.info\/wp-content\/uploads\/2024\/09\/c4-1-400x600.jpg",400,600,true],"cvmm-medium-square":["https:\/\/elregionaldigital.info\/wp-content\/uploads\/2024\/09\/c4-1-600x600.jpg",600,600,true],"cvmm-large":["https:\/\/elregionaldigital.info\/wp-content\/uploads\/2024\/09\/c4-1-1024x1024.jpg",1024,1024,true],"cvmm-small":["https:\/\/elregionaldigital.info\/wp-content\/uploads\/2024\/09\/c4-1-130x95.jpg",130,95,true],"full":["https:\/\/elregionaldigital.info\/wp-content\/uploads\/2024\/09\/c4-1.jpg",1600,1066,false]},"_links":{"self":[{"href":"https:\/\/elregionaldigital.info\/index.php?rest_route=\/wp\/v2\/posts\/3465","targetHints":{"allow":["GET"]}}],"collection":[{"href":"https:\/\/elregionaldigital.info\/index.php?rest_route=\/wp\/v2\/posts"}],"about":[{"href":"https:\/\/elregionaldigital.info\/index.php?rest_route=\/wp\/v2\/types\/post"}],"author":[{"embeddable":true,"href":"https:\/\/elregionaldigital.info\/index.php?rest_route=\/wp\/v2\/users\/1"}],"replies":[{"embeddable":true,"href":"https:\/\/elregionaldigital.info\/index.php?rest_route=%2Fwp%2Fv2%2Fcomments&post=3465"}],"version-history":[{"count":1,"href":"https:\/\/elregionaldigital.info\/index.php?rest_route=\/wp\/v2\/posts\/3465\/revisions"}],"predecessor-version":[{"id":3468,"href":"https:\/\/elregionaldigital.info\/index.php?rest_route=\/wp\/v2\/posts\/3465\/revisions\/3468"}],"wp:featuredmedia":[{"embeddable":true,"href":"https:\/\/elregionaldigital.info\/index.php?rest_route=\/wp\/v2\/media\/3467"}],"wp:attachment":[{"href":"https:\/\/elregionaldigital.info\/index.php?rest_route=%2Fwp%2Fv2%2Fmedia&parent=3465"}],"wp:term":[{"taxonomy":"category","embeddable":true,"href":"https:\/\/elregionaldigital.info\/index.php?rest_route=%2Fwp%2Fv2%2Fcategories&post=3465"},{"taxonomy":"post_tag","embeddable":true,"href":"https:\/\/elregionaldigital.info\/index.php?rest_route=%2Fwp%2Fv2%2Ftags&post=3465"}],"curies":[{"name":"wp","href":"https:\/\/api.w.org\/{rel}","templated":true}]}}