{"id":3456,"date":"2024-09-18T05:46:44","date_gmt":"2024-09-18T05:46:44","guid":{"rendered":"http:\/\/elregionaldigital.info\/?p=3456"},"modified":"2024-09-27T05:47:10","modified_gmt":"2024-09-27T05:47:10","slug":"la-uat-consolida-74-anos-de-servir-al-desarrollo-y-bienestar-de-tamaulipas-damaso-anaya","status":"publish","type":"post","link":"https:\/\/elregionaldigital.info\/?p=3456","title":{"rendered":"La UAT consolida 74 a\u00f1os de servir al desarrollo y bienestar de Tamaulipas: D\u00e1maso Anaya"},"content":{"rendered":"\n<p>El rector, MVZ D\u00e1maso Anaya Alvarado, presidi\u00f3 la ceremonia del 74 aniversario<br>de la fundaci\u00f3n de la Universidad Aut\u00f3noma de Tamaulipas (UAT) y el homenaje<br>que rindi\u00f3 la comunidad universitaria para recordar a quienes, con una gran visi\u00f3n,<br>iniciaron la m\u00e1xima casa de estudios del estado.<br>En el evento celebrado la ma\u00f1ana de este mi\u00e9rcoles 18 de septiembre en el<br>Campus Tampico, el rector expres\u00f3 que este es un momento para conmemorar la<br>fundaci\u00f3n, pero tambi\u00e9n para reflexionar sobre el papel de ser universitarios y<br>abrazar la responsabilidad de ser part\u00edcipes en la generaci\u00f3n de un Tamaulipas<br>m\u00e1s pr\u00f3spero, m\u00e1s humanista y equitativo.<br>Destac\u00f3 que en esta fecha se rinde homenaje a los fundadores, aquellos<br>visionarios que, con profundo compromiso y valent\u00eda, dieron vida a la Universidad<br>Aut\u00f3noma de Tamaulipas, una instituci\u00f3n que \u2014a\u00f1adi\u00f3\u2014 reafirma su compromiso<br>con la sociedad y con el desarrollo de todos los sectores que la componen.<br>Como parte del protocolo, el MVZ D\u00e1maso Anaya encabez\u00f3 la guardia de<br>honor y colocaci\u00f3n de la ofrenda floral en la Rotonda de los Fundadores y<br>Hombres Ilustres, acompa\u00f1ado por estudiantes, docentes, directoras y directores<br>de las facultades e invitados especiales.<br>En su mensaje, el rector apunt\u00f3 que este homenaje no solo es para recordar<br>el pasado, sino para reafirmar los valores que impulsan a la UAT hacia el futuro,<br>subrayando que hoy se presenta como una universidad humanista, comprometida<br>profundamente con la sociedad y con el bienestar de todos.<br>La UAT hoy se define no solo por la calidad de su ense\u00f1anza, sino por su<br>cercan\u00eda con la sociedad, y se distingue porque su educaci\u00f3n va m\u00e1s all\u00e1 del aula,<br>abarcando todos los aspectos de la vida cotidiana, expres\u00f3 el rector.<br>D\u00e1maso Anaya puntualiz\u00f3 que este acto de memoria y respeto es en el fondo<\/p>\n\n\n\n<p>un acto de proyecci\u00f3n hacia el porvenir, e invit\u00f3 a los universitarios a seguir<br>unidos, con la certeza de que trabajando juntos la UAT se consolidar\u00e1 como una<br>universidad al servicio de la humanidad, del conocimiento y del progreso social.<br>En este marco, la Mtra. Elda Ruth de los Reyes Villarreal, directora de la<br>Facultad de Derecho y Ciencias Sociales; y el Dr. Ra\u00fal de Le\u00f3n Escobedo, director<br>de la Facultad de Medicina Tampico; hicieron uso de la palabra para recordar la<br>historia de estas dos escuelas fundadoras de la UAT, y para agradecer a quienes<br>hace 74 a\u00f1os se esforzaron por tener una instituci\u00f3n de prestigio; la que hoy, tal<br>como lo so\u00f1aron, es la instituci\u00f3n de educaci\u00f3n superior m\u00e1s grande de<br>Tamaulipas.<br>La emotiva ceremonia tuvo como invitados de honor a familiares de los<br>fundadores, y cont\u00f3 con la asistencia de los alcaldes electos de Tampico, Madero<br>y Altamira, y los diputados electos de la zona sur, adem\u00e1s de funcionarios de la<br>Rector\u00eda y autoridades federales, estatales y municipales.<\/p>\n","protected":false},"excerpt":{"rendered":"<p>El rector, MVZ D\u00e1maso Anaya Alvarado, presidi\u00f3 la ceremonia del 74 aniversariode la fundaci\u00f3n de la Universidad Aut\u00f3noma de Tamaulipas (UAT) y el homenajeque rindi\u00f3 la comunidad universitaria para recordar a quienes, con una gran visi\u00f3n,iniciaron la m\u00e1xima casa de estudios del estado.En el evento celebrado la ma\u00f1ana de este mi\u00e9rcoles 18 de septiembre en [&hellip;]<\/p>\n","protected":false},"author":1,"featured_media":3457,"comment_status":"open","ping_status":"open","sticky":false,"template":"","format":"standard","meta":{"footnotes":""},"categories":[4],"tags":[],"class_list":["post-3456","post","type-post","status-publish","format-standard","has-post-thumbnail","hentry","category-universidades"],"blog_post_layout_featured_media_urls":{"thumbnail":["https:\/\/elregionaldigital.info\/wp-content\/uploads\/2024\/09\/1-150x150.jpg",150,150,true],"full":["https:\/\/elregionaldigital.info\/wp-content\/uploads\/2024\/09\/1-scaled.jpg",2560,1707,false]},"categories_names":{"4":{"name":"Universidades","link":"https:\/\/elregionaldigital.info\/?cat=4"}},"tags_names":[],"comments_number":"0","wpmagazine_modules_lite_featured_media_urls":{"thumbnail":["https:\/\/elregionaldigital.info\/wp-content\/uploads\/2024\/09\/1-150x150.jpg",150,150,true],"cvmm-medium":["https:\/\/elregionaldigital.info\/wp-content\/uploads\/2024\/09\/1-300x300.jpg",300,300,true],"cvmm-medium-plus":["https:\/\/elregionaldigital.info\/wp-content\/uploads\/2024\/09\/1-305x207.jpg",305,207,true],"cvmm-portrait":["https:\/\/elregionaldigital.info\/wp-content\/uploads\/2024\/09\/1-400x600.jpg",400,600,true],"cvmm-medium-square":["https:\/\/elregionaldigital.info\/wp-content\/uploads\/2024\/09\/1-600x600.jpg",600,600,true],"cvmm-large":["https:\/\/elregionaldigital.info\/wp-content\/uploads\/2024\/09\/1-1024x1024.jpg",1024,1024,true],"cvmm-small":["https:\/\/elregionaldigital.info\/wp-content\/uploads\/2024\/09\/1-130x95.jpg",130,95,true],"full":["https:\/\/elregionaldigital.info\/wp-content\/uploads\/2024\/09\/1-scaled.jpg",2560,1707,false]},"_links":{"self":[{"href":"https:\/\/elregionaldigital.info\/index.php?rest_route=\/wp\/v2\/posts\/3456","targetHints":{"allow":["GET"]}}],"collection":[{"href":"https:\/\/elregionaldigital.info\/index.php?rest_route=\/wp\/v2\/posts"}],"about":[{"href":"https:\/\/elregionaldigital.info\/index.php?rest_route=\/wp\/v2\/types\/post"}],"author":[{"embeddable":true,"href":"https:\/\/elregionaldigital.info\/index.php?rest_route=\/wp\/v2\/users\/1"}],"replies":[{"embeddable":true,"href":"https:\/\/elregionaldigital.info\/index.php?rest_route=%2Fwp%2Fv2%2Fcomments&post=3456"}],"version-history":[{"count":1,"href":"https:\/\/elregionaldigital.info\/index.php?rest_route=\/wp\/v2\/posts\/3456\/revisions"}],"predecessor-version":[{"id":3458,"href":"https:\/\/elregionaldigital.info\/index.php?rest_route=\/wp\/v2\/posts\/3456\/revisions\/3458"}],"wp:featuredmedia":[{"embeddable":true,"href":"https:\/\/elregionaldigital.info\/index.php?rest_route=\/wp\/v2\/media\/3457"}],"wp:attachment":[{"href":"https:\/\/elregionaldigital.info\/index.php?rest_route=%2Fwp%2Fv2%2Fmedia&parent=3456"}],"wp:term":[{"taxonomy":"category","embeddable":true,"href":"https:\/\/elregionaldigital.info\/index.php?rest_route=%2Fwp%2Fv2%2Fcategories&post=3456"},{"taxonomy":"post_tag","embeddable":true,"href":"https:\/\/elregionaldigital.info\/index.php?rest_route=%2Fwp%2Fv2%2Ftags&post=3456"}],"curies":[{"name":"wp","href":"https:\/\/api.w.org\/{rel}","templated":true}]}}