{"id":3441,"date":"2024-09-14T04:25:13","date_gmt":"2024-09-14T04:25:13","guid":{"rendered":"http:\/\/elregionaldigital.info\/?p=3441"},"modified":"2024-09-27T04:25:48","modified_gmt":"2024-09-27T04:25:48","slug":"reforzara-la-uat-formacion-de-jovenes-para-ingresar-al-nivel-superior","status":"publish","type":"post","link":"https:\/\/elregionaldigital.info\/?p=3441","title":{"rendered":"Reforzar\u00e1 la UAT formaci\u00f3n de j\u00f3venes para ingresar al nivel superior"},"content":{"rendered":"\n<p><\/p>\n\n\n\n<p>\uf0b7 Trabaja con las preparatorias incorporadas para brindar los programas<br>universitarios de atenci\u00f3n integral y orientaci\u00f3n educativa con el objetivo de<br>garantizar el acceso de los estudiantes al nivel profesional.<br>En el marco de las pol\u00edticas del rector de la Universidad Aut\u00f3noma de Tamaulipas<br>(UAT), MVZ D\u00e1maso Anaya Alvarado, en el sentido de ampliar las oportunidades a<br>estudiantes de bachillerato para que ingresen al nivel educativo superior, se puso<br>en marcha un programa que permitir\u00e1 apoyar a las escuelas preparatorias<br>incorporadas a esta casa de estudios en la formaci\u00f3n integral y la orientaci\u00f3n<br>educativa de sus estudiantes.<br>Dichos proyectos nacen del trabajo conjunto entre la Universidad y el<br>Gobierno del Estado, con el objetivo de abrir m\u00e1s espacios y programas para que<br>ning\u00fan joven de Tamaulipas se quede sin estudiar por alguna condici\u00f3n adversa.<br>En ese tenor se desarroll\u00f3 una reuni\u00f3n entre la UAT y representantes de<br>instituciones de educaci\u00f3n media superior de Ciudad Victoria, cuyo prop\u00f3sito fue<br>reforzar los lazos de vinculaci\u00f3n y establecer acciones concretas a favor de los<br>estudiantes de bachillerato.<br>En representaci\u00f3n del rector D\u00e1maso Anaya Alvarado, presidi\u00f3 la reuni\u00f3n la<br>secretaria de Gesti\u00f3n Escolar de la UAT, Dra. Alma Amalia Hern\u00e1ndez Ilizaliturri,<br>quien destac\u00f3 el prop\u00f3sito de llevar a las escuelas preparatorias los programas de<br>orientaci\u00f3n vocacional y acciones de acompa\u00f1amiento para sus estudiantes.<br>Se trata de trabajar para garantizar el ejercicio pleno del derecho a la<br>educaci\u00f3n, pues existen muchos j\u00f3venes sin acceso a una carrera universitaria.<br>Actualmente, la UAT impulsa un nuevo modelo de formaci\u00f3n humanista para darle<br>al egresado un sentido social; por ello, adem\u00e1s de ampliar la cobertura, se<br>pretende acercar a los estudiantes programas que les ayuden a tomar la mejor<\/p>\n\n\n\n<p>decisi\u00f3n al elegir una carrera.<br>El programa contempla promover en los j\u00f3venes la definici\u00f3n de un proyecto<br>de vida que les permita alcanzar su mayor potencial mediante la formaci\u00f3n<br>profesional.<br>Se les brindar\u00e1 informaci\u00f3n sobre los alcances de los programas de<br>licenciatura y t\u00e9cnico superior en el campo laboral, con la realizaci\u00f3n de talleres<br>vivenciales y pl\u00e1ticas.<br>Entre otros prop\u00f3sitos, se busca involucrar a los padres de familia para<br>generar un entorno que incentive a la juventud a continuar su formaci\u00f3n<br>acad\u00e9mica en el nivel superior. Adem\u00e1s, los estudiantes de bachillerato que as\u00ed lo<br>deseen podr\u00e1n hacer pr\u00e1cticas y servicio social en la UAT y recibir apoyo<br>psicoemocional en los centros especializados de la casa de estudios.<\/p>\n","protected":false},"excerpt":{"rendered":"<p>\uf0b7 Trabaja con las preparatorias incorporadas para brindar los programasuniversitarios de atenci\u00f3n integral y orientaci\u00f3n educativa con el objetivo degarantizar el acceso de los estudiantes al nivel profesional.En el marco de las pol\u00edticas del rector de la Universidad Aut\u00f3noma de Tamaulipas(UAT), MVZ D\u00e1maso Anaya Alvarado, en el sentido de ampliar las oportunidades aestudiantes de bachillerato [&hellip;]<\/p>\n","protected":false},"author":1,"featured_media":3442,"comment_status":"open","ping_status":"open","sticky":false,"template":"","format":"standard","meta":{"footnotes":""},"categories":[4],"tags":[],"class_list":["post-3441","post","type-post","status-publish","format-standard","has-post-thumbnail","hentry","category-universidades"],"blog_post_layout_featured_media_urls":{"thumbnail":["https:\/\/elregionaldigital.info\/wp-content\/uploads\/2024\/09\/1-150x150.jpeg",150,150,true],"full":["https:\/\/elregionaldigital.info\/wp-content\/uploads\/2024\/09\/1.jpeg",1600,720,false]},"categories_names":{"4":{"name":"Universidades","link":"https:\/\/elregionaldigital.info\/?cat=4"}},"tags_names":[],"comments_number":"0","wpmagazine_modules_lite_featured_media_urls":{"thumbnail":["https:\/\/elregionaldigital.info\/wp-content\/uploads\/2024\/09\/1-150x150.jpeg",150,150,true],"cvmm-medium":["https:\/\/elregionaldigital.info\/wp-content\/uploads\/2024\/09\/1-300x300.jpeg",300,300,true],"cvmm-medium-plus":["https:\/\/elregionaldigital.info\/wp-content\/uploads\/2024\/09\/1-305x207.jpeg",305,207,true],"cvmm-portrait":["https:\/\/elregionaldigital.info\/wp-content\/uploads\/2024\/09\/1-400x600.jpeg",400,600,true],"cvmm-medium-square":["https:\/\/elregionaldigital.info\/wp-content\/uploads\/2024\/09\/1-600x600.jpeg",600,600,true],"cvmm-large":["https:\/\/elregionaldigital.info\/wp-content\/uploads\/2024\/09\/1-1024x720.jpeg",1024,720,true],"cvmm-small":["https:\/\/elregionaldigital.info\/wp-content\/uploads\/2024\/09\/1-130x95.jpeg",130,95,true],"full":["https:\/\/elregionaldigital.info\/wp-content\/uploads\/2024\/09\/1.jpeg",1600,720,false]},"_links":{"self":[{"href":"https:\/\/elregionaldigital.info\/index.php?rest_route=\/wp\/v2\/posts\/3441","targetHints":{"allow":["GET"]}}],"collection":[{"href":"https:\/\/elregionaldigital.info\/index.php?rest_route=\/wp\/v2\/posts"}],"about":[{"href":"https:\/\/elregionaldigital.info\/index.php?rest_route=\/wp\/v2\/types\/post"}],"author":[{"embeddable":true,"href":"https:\/\/elregionaldigital.info\/index.php?rest_route=\/wp\/v2\/users\/1"}],"replies":[{"embeddable":true,"href":"https:\/\/elregionaldigital.info\/index.php?rest_route=%2Fwp%2Fv2%2Fcomments&post=3441"}],"version-history":[{"count":1,"href":"https:\/\/elregionaldigital.info\/index.php?rest_route=\/wp\/v2\/posts\/3441\/revisions"}],"predecessor-version":[{"id":3443,"href":"https:\/\/elregionaldigital.info\/index.php?rest_route=\/wp\/v2\/posts\/3441\/revisions\/3443"}],"wp:featuredmedia":[{"embeddable":true,"href":"https:\/\/elregionaldigital.info\/index.php?rest_route=\/wp\/v2\/media\/3442"}],"wp:attachment":[{"href":"https:\/\/elregionaldigital.info\/index.php?rest_route=%2Fwp%2Fv2%2Fmedia&parent=3441"}],"wp:term":[{"taxonomy":"category","embeddable":true,"href":"https:\/\/elregionaldigital.info\/index.php?rest_route=%2Fwp%2Fv2%2Fcategories&post=3441"},{"taxonomy":"post_tag","embeddable":true,"href":"https:\/\/elregionaldigital.info\/index.php?rest_route=%2Fwp%2Fv2%2Ftags&post=3441"}],"curies":[{"name":"wp","href":"https:\/\/api.w.org\/{rel}","templated":true}]}}